
{"id":18977,"date":"2026-05-11T19:08:44","date_gmt":"2026-05-11T17:08:44","guid":{"rendered":"https:\/\/trinidad.salesianos.edu\/colegio\/?p=18977"},"modified":"2026-05-11T19:25:23","modified_gmt":"2026-05-11T17:25:23","slug":"el-futuro-es-sostenible-3o-de-primaria-brilla-en-la-24a-feria-de-la-ciencia-de-sevilla","status":"publish","type":"post","link":"https:\/\/trinidad.salesianos.edu\/colegio\/blog\/2026\/05\/11\/el-futuro-es-sostenible-3o-de-primaria-brilla-en-la-24a-feria-de-la-ciencia-de-sevilla\/","title":{"rendered":"El futuro es sostenible: 3\u00ba de Primaria brilla en la 24\u00aa Feria de la Ciencia de Sevilla"},"content":{"rendered":"<p>[et_pb_section fb_built=\u00bb1&#8243; admin_label=\u00bbsection\u00bb _builder_version=\u00bb4.16&#8243; _module_preset=\u00bbdefault\u00bb global_colors_info=\u00bb{}\u00bb][et_pb_row admin_label=\u00bbrow\u00bb _builder_version=\u00bb4.16&#8243; _module_preset=\u00bbdefault\u00bb background_size=\u00bbinitial\u00bb background_position=\u00bbtop_left\u00bb background_repeat=\u00bbrepeat\u00bb global_colors_info=\u00bb{}\u00bb][et_pb_column type=\u00bb4_4&#8243; _builder_version=\u00bb4.16&#8243; _module_preset=\u00bbdefault\u00bb custom_padding=\u00bb|||\u00bb global_colors_info=\u00bb{}\u00bb custom_padding__hover=\u00bb|||\u00bb][et_pb_text _builder_version=\u00bb4.27.5&#8243; _module_preset=\u00bbdefault\u00bb global_colors_info=\u00bb{}\u00bb]<\/p>\n<p style=\"text-align: left;\">La ciencia, la sostenibilidad y el talento joven se han dado cita un a\u00f1o m\u00e1s en la capital andaluza. En esta <strong>24\u00aa edici\u00f3n de la Feria de la Ciencia de Sevilla<\/strong>, los alumnos de <strong>3\u00ba de Primaria<\/strong> de nuestro centro se han convertido en los grandes protagonistas al presentar su innovador proyecto de huerto escolar bajo el lema: <strong>\u00abCREA TU FUTURO: APRENDE A SER SOSTENIBLE\u00bb<\/strong>.<\/p>\n<p>&nbsp;<\/p>\n<p><strong>Un stand con conciencia ecol\u00f3gica<\/strong><\/p>\n<p>A trav\u00e9s de un stand din\u00e1mico y muy trabajado, los peque\u00f1os investigadores han compartido con los visitantes los secretos de su huerto. El proyecto no solo busca ense\u00f1ar las fases de un cultivo acuaponico, sino concienciar sobre la importancia de la <strong>sostenibilidad<\/strong> y el respeto al medio ambiente desde edades tempranas.<\/p>\n<p>Los asistentes pudieron conocer de primera mano c\u00f3mo se gestiona el huerto del colegio, las t\u00e9cnicas de riego eficiente y el impacto positivo que tiene el consumo de productos locales y de temporada.<\/p>\n<p>&nbsp;<\/p>\n<p><strong>Una experiencia inolvidable para la etapa de Primaria<\/strong><\/p>\n<p>Esta participaci\u00f3n no es un evento aislado, sino una pieza clave en el itinerario educativo de nuestro alumnado. Formar parte de este proyecto en la etapa de Primaria supone:<\/p>\n<ul>\n<li><strong>Fomentar el trabajo en equipo:<\/strong> Los alumnos han colaborado estrechamente para montar y explicar el stand.<\/li>\n<li><strong>Desarrollar habilidades comunicativas:<\/strong> Explicar conceptos cient\u00edficos a un p\u00fablico real refuerza su confianza.<\/li>\n<li><strong>Aprendizaje vivencial:<\/strong> La ciencia sale de los libros para transformarse en algo que pueden tocar y cultivar.<\/li>\n<\/ul>\n<p>&nbsp;<\/p>\n<p><strong>\u00a1Enhorabuena, cient\u00edficos!<\/strong><\/p>\n<p>Desde el centro queremos dar la m\u00e1s sincera enhorabuena a todos los alumnos, padres, madres y docentes implicados por su esfuerzo, ilusi\u00f3n y buen hacer en esta feria. Ver a nuestros estudiantes tan comprometidos con el medio ambiente nos llena de orgullo y nos motiva a seguir impulsando este tipo de iniciativas.<\/p>\n<p><strong>\u00a1A por el pr\u00f3ximo reto, seguimos cultivando el futuro!<\/strong><\/p>\n<p>[\/et_pb_text][et_pb_blurb title=\u00bbGaler\u00eda fotogr\u00e1fica \u00bb use_icon=\u00bbon\u00bb font_icon=\u00bb&#xe00f;||divi||400&#8243; icon_placement=\u00bbleft\u00bb _builder_version=\u00bb4.17.1&#8243; _module_preset=\u00bbdefault\u00bb image_icon_custom_margin=\u00bb0px||0px||false|false\u00bb image_icon_custom_padding=\u00bb0px||||false|false\u00bb custom_margin=\u00bb|||-310px|false|false\u00bb custom_margin_tablet=\u00bb|||190px|false|false\u00bb custom_margin_phone=\u00bb|||0px|false|false\u00bb custom_margin_last_edited=\u00bbon|desktop\u00bb global_colors_info=\u00bb{}\u00bb][\/et_pb_blurb][et_pb_gallery gallery_ids=\u00bb18980,18981,18982,18983,18984,18985,18986,18988&#8243; show_title_and_caption=\u00bboff\u00bb _builder_version=\u00bb4.27.5&#8243; _module_preset=\u00bb_initial\u00bb global_colors_info=\u00bb{}\u00bb][\/et_pb_gallery][\/et_pb_column][\/et_pb_row][\/et_pb_section]<\/p>\n","protected":false},"excerpt":{"rendered":"<p>La ciencia, la sostenibilidad y el talento joven se han dado cita un a\u00f1o m\u00e1s en la capital andaluza. En esta 24\u00aa edici\u00f3n de la Feria de la Ciencia de Sevilla, los alumnos de 3\u00ba de Primaria de nuestro centro se han convertido en los grandes protagonistas al presentar su innovador proyecto de huerto escolar [&hellip;]<\/p>\n","protected":false},"author":3,"featured_media":18978,"comment_status":"open","ping_status":"open","sticky":false,"template":"","format":"standard","meta":{"_et_pb_use_builder":"on","_et_pb_old_content":"","_et_gb_content_width":"","footnotes":""},"categories":[42],"tags":[],"class_list":["post-18977","post","type-post","status-publish","format-standard","has-post-thumbnail","hentry","category-general"],"yoast_head":"<!-- This site is optimized with the Yoast SEO plugin v28.3 - https:\/\/yoast.com\/product\/yoast-seo-wordpress\/ -->\n<title>El futuro es sostenible: 3\u00ba de Primaria brilla en la 24\u00aa Feria de la Ciencia de Sevilla - Colegio Salesianos Sant\u00edsima Trinidad<\/title>\n<meta name=\"robots\" content=\"index, follow, max-snippet:-1, max-image-preview:large, max-video-preview:-1\" \/>\n<link rel=\"canonical\" href=\"https:\/\/trinidad.salesianos.edu\/colegio\/blog\/2026\/05\/11\/el-futuro-es-sostenible-3o-de-primaria-brilla-en-la-24a-feria-de-la-ciencia-de-sevilla\/\" \/>\n<meta property=\"og:locale\" content=\"es_ES\" \/>\n<meta property=\"og:type\" content=\"article\" \/>\n<meta property=\"og:title\" content=\"El futuro es sostenible: 3\u00ba de Primaria brilla en la 24\u00aa Feria de la Ciencia de Sevilla - Colegio Salesianos Sant\u00edsima Trinidad\" \/>\n<meta property=\"og:description\" content=\"La ciencia, la sostenibilidad y el talento joven se han dado cita un a\u00f1o m\u00e1s en la capital andaluza. En esta 24\u00aa edici\u00f3n de la Feria de la Ciencia de Sevilla, los alumnos de 3\u00ba de Primaria de nuestro centro se han convertido en los grandes protagonistas al presentar su innovador proyecto de huerto escolar [&hellip;]\" \/>\n<meta property=\"og:url\" content=\"https:\/\/trinidad.salesianos.edu\/colegio\/blog\/2026\/05\/11\/el-futuro-es-sostenible-3o-de-primaria-brilla-en-la-24a-feria-de-la-ciencia-de-sevilla\/\" \/>\n<meta property=\"og:site_name\" content=\"Colegio Salesianos Sant\u00edsima Trinidad\" \/>\n<meta property=\"article:published_time\" content=\"2026-05-11T17:08:44+00:00\" \/>\n<meta property=\"article:modified_time\" content=\"2026-05-11T17:25:23+00:00\" \/>\n<meta property=\"og:image\" content=\"https:\/\/trinidad.salesianos.edu\/colegio\/wp-content\/uploads\/sites\/11\/2026\/05\/Feria-de-la-Ciencia_Salesianos-Trinidad-6.jpeg\" \/>\n\t<meta property=\"og:image:width\" content=\"1600\" \/>\n\t<meta property=\"og:image:height\" content=\"1200\" \/>\n\t<meta property=\"og:image:type\" content=\"image\/jpeg\" \/>\n<meta name=\"author\" content=\"Administrador Web\" \/>\n<meta name=\"twitter:card\" content=\"summary_large_image\" \/>\n<meta name=\"twitter:label1\" content=\"Escrito por\" \/>\n\t<meta name=\"twitter:data1\" content=\"Administrador Web\" \/>\n\t<meta name=\"twitter:label2\" content=\"Tiempo de lectura\" \/>\n\t<meta name=\"twitter:data2\" content=\"4 minutos\" \/>\n<script type=\"application\/ld+json\" class=\"yoast-schema-graph\">{\"@context\":\"https:\\\/\\\/schema.org\",\"@graph\":[{\"@type\":\"Article\",\"@id\":\"https:\\\/\\\/trinidad.salesianos.edu\\\/colegio\\\/blog\\\/2026\\\/05\\\/11\\\/el-futuro-es-sostenible-3o-de-primaria-brilla-en-la-24a-feria-de-la-ciencia-de-sevilla\\\/#article\",\"isPartOf\":{\"@id\":\"https:\\\/\\\/trinidad.salesianos.edu\\\/colegio\\\/blog\\\/2026\\\/05\\\/11\\\/el-futuro-es-sostenible-3o-de-primaria-brilla-en-la-24a-feria-de-la-ciencia-de-sevilla\\\/\"},\"author\":{\"name\":\"Administrador Web\",\"@id\":\"https:\\\/\\\/trinidad.salesianos.edu\\\/colegio\\\/#\\\/schema\\\/person\\\/2004525a9ab42038c402f55157ca237b\"},\"headline\":\"El futuro es sostenible: 3\u00ba de Primaria brilla en la 24\u00aa Feria de la Ciencia de Sevilla\",\"datePublished\":\"2026-05-11T17:08:44+00:00\",\"dateModified\":\"2026-05-11T17:25:23+00:00\",\"mainEntityOfPage\":{\"@id\":\"https:\\\/\\\/trinidad.salesianos.edu\\\/colegio\\\/blog\\\/2026\\\/05\\\/11\\\/el-futuro-es-sostenible-3o-de-primaria-brilla-en-la-24a-feria-de-la-ciencia-de-sevilla\\\/\"},\"wordCount\":503,\"commentCount\":0,\"image\":{\"@id\":\"https:\\\/\\\/trinidad.salesianos.edu\\\/colegio\\\/blog\\\/2026\\\/05\\\/11\\\/el-futuro-es-sostenible-3o-de-primaria-brilla-en-la-24a-feria-de-la-ciencia-de-sevilla\\\/#primaryimage\"},\"thumbnailUrl\":\"https:\\\/\\\/trinidad.salesianos.edu\\\/colegio\\\/wp-content\\\/uploads\\\/sites\\\/11\\\/2026\\\/05\\\/Feria-de-la-Ciencia_Salesianos-Trinidad-6.jpeg\",\"articleSection\":[\"General\"],\"inLanguage\":\"es\",\"potentialAction\":[{\"@type\":\"CommentAction\",\"name\":\"Comment\",\"target\":[\"https:\\\/\\\/trinidad.salesianos.edu\\\/colegio\\\/blog\\\/2026\\\/05\\\/11\\\/el-futuro-es-sostenible-3o-de-primaria-brilla-en-la-24a-feria-de-la-ciencia-de-sevilla\\\/#respond\"]}]},{\"@type\":\"WebPage\",\"@id\":\"https:\\\/\\\/trinidad.salesianos.edu\\\/colegio\\\/blog\\\/2026\\\/05\\\/11\\\/el-futuro-es-sostenible-3o-de-primaria-brilla-en-la-24a-feria-de-la-ciencia-de-sevilla\\\/\",\"url\":\"https:\\\/\\\/trinidad.salesianos.edu\\\/colegio\\\/blog\\\/2026\\\/05\\\/11\\\/el-futuro-es-sostenible-3o-de-primaria-brilla-en-la-24a-feria-de-la-ciencia-de-sevilla\\\/\",\"name\":\"El futuro es sostenible: 3\u00ba de Primaria brilla en la 24\u00aa Feria de la Ciencia de Sevilla - Colegio Salesianos Sant\u00edsima Trinidad\",\"isPartOf\":{\"@id\":\"https:\\\/\\\/trinidad.salesianos.edu\\\/colegio\\\/#website\"},\"primaryImageOfPage\":{\"@id\":\"https:\\\/\\\/trinidad.salesianos.edu\\\/colegio\\\/blog\\\/2026\\\/05\\\/11\\\/el-futuro-es-sostenible-3o-de-primaria-brilla-en-la-24a-feria-de-la-ciencia-de-sevilla\\\/#primaryimage\"},\"image\":{\"@id\":\"https:\\\/\\\/trinidad.salesianos.edu\\\/colegio\\\/blog\\\/2026\\\/05\\\/11\\\/el-futuro-es-sostenible-3o-de-primaria-brilla-en-la-24a-feria-de-la-ciencia-de-sevilla\\\/#primaryimage\"},\"thumbnailUrl\":\"https:\\\/\\\/trinidad.salesianos.edu\\\/colegio\\\/wp-content\\\/uploads\\\/sites\\\/11\\\/2026\\\/05\\\/Feria-de-la-Ciencia_Salesianos-Trinidad-6.jpeg\",\"datePublished\":\"2026-05-11T17:08:44+00:00\",\"dateModified\":\"2026-05-11T17:25:23+00:00\",\"author\":{\"@id\":\"https:\\\/\\\/trinidad.salesianos.edu\\\/colegio\\\/#\\\/schema\\\/person\\\/2004525a9ab42038c402f55157ca237b\"},\"breadcrumb\":{\"@id\":\"https:\\\/\\\/trinidad.salesianos.edu\\\/colegio\\\/blog\\\/2026\\\/05\\\/11\\\/el-futuro-es-sostenible-3o-de-primaria-brilla-en-la-24a-feria-de-la-ciencia-de-sevilla\\\/#breadcrumb\"},\"inLanguage\":\"es\",\"potentialAction\":[{\"@type\":\"ReadAction\",\"target\":[\"https:\\\/\\\/trinidad.salesianos.edu\\\/colegio\\\/blog\\\/2026\\\/05\\\/11\\\/el-futuro-es-sostenible-3o-de-primaria-brilla-en-la-24a-feria-de-la-ciencia-de-sevilla\\\/\"]}]},{\"@type\":\"ImageObject\",\"inLanguage\":\"es\",\"@id\":\"https:\\\/\\\/trinidad.salesianos.edu\\\/colegio\\\/blog\\\/2026\\\/05\\\/11\\\/el-futuro-es-sostenible-3o-de-primaria-brilla-en-la-24a-feria-de-la-ciencia-de-sevilla\\\/#primaryimage\",\"url\":\"https:\\\/\\\/trinidad.salesianos.edu\\\/colegio\\\/wp-content\\\/uploads\\\/sites\\\/11\\\/2026\\\/05\\\/Feria-de-la-Ciencia_Salesianos-Trinidad-6.jpeg\",\"contentUrl\":\"https:\\\/\\\/trinidad.salesianos.edu\\\/colegio\\\/wp-content\\\/uploads\\\/sites\\\/11\\\/2026\\\/05\\\/Feria-de-la-Ciencia_Salesianos-Trinidad-6.jpeg\",\"width\":1600,\"height\":1200},{\"@type\":\"BreadcrumbList\",\"@id\":\"https:\\\/\\\/trinidad.salesianos.edu\\\/colegio\\\/blog\\\/2026\\\/05\\\/11\\\/el-futuro-es-sostenible-3o-de-primaria-brilla-en-la-24a-feria-de-la-ciencia-de-sevilla\\\/#breadcrumb\",\"itemListElement\":[{\"@type\":\"ListItem\",\"position\":1,\"name\":\"Portada\",\"item\":\"https:\\\/\\\/trinidad.salesianos.edu\\\/colegio\\\/\"},{\"@type\":\"ListItem\",\"position\":2,\"name\":\"El futuro es sostenible: 3\u00ba de Primaria brilla en la 24\u00aa Feria de la Ciencia de Sevilla\"}]},{\"@type\":\"WebSite\",\"@id\":\"https:\\\/\\\/trinidad.salesianos.edu\\\/colegio\\\/#website\",\"url\":\"https:\\\/\\\/trinidad.salesianos.edu\\\/colegio\\\/\",\"name\":\"Colegio Salesianos Sant\u00edsima Trinidad\",\"description\":\"P\u00e1gina oficial Salesianos Trinidad\",\"potentialAction\":[{\"@type\":\"SearchAction\",\"target\":{\"@type\":\"EntryPoint\",\"urlTemplate\":\"https:\\\/\\\/trinidad.salesianos.edu\\\/colegio\\\/?s={search_term_string}\"},\"query-input\":{\"@type\":\"PropertyValueSpecification\",\"valueRequired\":true,\"valueName\":\"search_term_string\"}}],\"inLanguage\":\"es\"},{\"@type\":\"Person\",\"@id\":\"https:\\\/\\\/trinidad.salesianos.edu\\\/colegio\\\/#\\\/schema\\\/person\\\/2004525a9ab42038c402f55157ca237b\",\"name\":\"Administrador Web\",\"image\":{\"@type\":\"ImageObject\",\"inLanguage\":\"es\",\"@id\":\"https:\\\/\\\/secure.gravatar.com\\\/avatar\\\/fa79dbb1d375f9852c532691182385b98661fb27f5f03ec8241130ba23266757?s=96&d=mm&r=g\",\"url\":\"https:\\\/\\\/secure.gravatar.com\\\/avatar\\\/fa79dbb1d375f9852c532691182385b98661fb27f5f03ec8241130ba23266757?s=96&d=mm&r=g\",\"contentUrl\":\"https:\\\/\\\/secure.gravatar.com\\\/avatar\\\/fa79dbb1d375f9852c532691182385b98661fb27f5f03ec8241130ba23266757?s=96&d=mm&r=g\",\"caption\":\"Administrador Web\"}}]}<\/script>\n<!-- \/ Yoast SEO plugin. -->","yoast_head_json":{"title":"El futuro es sostenible: 3\u00ba de Primaria brilla en la 24\u00aa Feria de la Ciencia de Sevilla - Colegio Salesianos Sant\u00edsima Trinidad","robots":{"index":"index","follow":"follow","max-snippet":"max-snippet:-1","max-image-preview":"max-image-preview:large","max-video-preview":"max-video-preview:-1"},"canonical":"https:\/\/trinidad.salesianos.edu\/colegio\/blog\/2026\/05\/11\/el-futuro-es-sostenible-3o-de-primaria-brilla-en-la-24a-feria-de-la-ciencia-de-sevilla\/","og_locale":"es_ES","og_type":"article","og_title":"El futuro es sostenible: 3\u00ba de Primaria brilla en la 24\u00aa Feria de la Ciencia de Sevilla - Colegio Salesianos Sant\u00edsima Trinidad","og_description":"La ciencia, la sostenibilidad y el talento joven se han dado cita un a\u00f1o m\u00e1s en la capital andaluza. En esta 24\u00aa edici\u00f3n de la Feria de la Ciencia de Sevilla, los alumnos de 3\u00ba de Primaria de nuestro centro se han convertido en los grandes protagonistas al presentar su innovador proyecto de huerto escolar [&hellip;]","og_url":"https:\/\/trinidad.salesianos.edu\/colegio\/blog\/2026\/05\/11\/el-futuro-es-sostenible-3o-de-primaria-brilla-en-la-24a-feria-de-la-ciencia-de-sevilla\/","og_site_name":"Colegio Salesianos Sant\u00edsima Trinidad","article_published_time":"2026-05-11T17:08:44+00:00","article_modified_time":"2026-05-11T17:25:23+00:00","og_image":[{"width":1600,"height":1200,"url":"https:\/\/trinidad.salesianos.edu\/colegio\/wp-content\/uploads\/sites\/11\/2026\/05\/Feria-de-la-Ciencia_Salesianos-Trinidad-6.jpeg","type":"image\/jpeg"}],"author":"Administrador Web","twitter_card":"summary_large_image","twitter_misc":{"Escrito por":"Administrador Web","Tiempo de lectura":"4 minutos"},"schema":{"@context":"https:\/\/schema.org","@graph":[{"@type":"Article","@id":"https:\/\/trinidad.salesianos.edu\/colegio\/blog\/2026\/05\/11\/el-futuro-es-sostenible-3o-de-primaria-brilla-en-la-24a-feria-de-la-ciencia-de-sevilla\/#article","isPartOf":{"@id":"https:\/\/trinidad.salesianos.edu\/colegio\/blog\/2026\/05\/11\/el-futuro-es-sostenible-3o-de-primaria-brilla-en-la-24a-feria-de-la-ciencia-de-sevilla\/"},"author":{"name":"Administrador Web","@id":"https:\/\/trinidad.salesianos.edu\/colegio\/#\/schema\/person\/2004525a9ab42038c402f55157ca237b"},"headline":"El futuro es sostenible: 3\u00ba de Primaria brilla en la 24\u00aa Feria de la Ciencia de Sevilla","datePublished":"2026-05-11T17:08:44+00:00","dateModified":"2026-05-11T17:25:23+00:00","mainEntityOfPage":{"@id":"https:\/\/trinidad.salesianos.edu\/colegio\/blog\/2026\/05\/11\/el-futuro-es-sostenible-3o-de-primaria-brilla-en-la-24a-feria-de-la-ciencia-de-sevilla\/"},"wordCount":503,"commentCount":0,"image":{"@id":"https:\/\/trinidad.salesianos.edu\/colegio\/blog\/2026\/05\/11\/el-futuro-es-sostenible-3o-de-primaria-brilla-en-la-24a-feria-de-la-ciencia-de-sevilla\/#primaryimage"},"thumbnailUrl":"https:\/\/trinidad.salesianos.edu\/colegio\/wp-content\/uploads\/sites\/11\/2026\/05\/Feria-de-la-Ciencia_Salesianos-Trinidad-6.jpeg","articleSection":["General"],"inLanguage":"es","potentialAction":[{"@type":"CommentAction","name":"Comment","target":["https:\/\/trinidad.salesianos.edu\/colegio\/blog\/2026\/05\/11\/el-futuro-es-sostenible-3o-de-primaria-brilla-en-la-24a-feria-de-la-ciencia-de-sevilla\/#respond"]}]},{"@type":"WebPage","@id":"https:\/\/trinidad.salesianos.edu\/colegio\/blog\/2026\/05\/11\/el-futuro-es-sostenible-3o-de-primaria-brilla-en-la-24a-feria-de-la-ciencia-de-sevilla\/","url":"https:\/\/trinidad.salesianos.edu\/colegio\/blog\/2026\/05\/11\/el-futuro-es-sostenible-3o-de-primaria-brilla-en-la-24a-feria-de-la-ciencia-de-sevilla\/","name":"El futuro es sostenible: 3\u00ba de Primaria brilla en la 24\u00aa Feria de la Ciencia de Sevilla - Colegio Salesianos Sant\u00edsima Trinidad","isPartOf":{"@id":"https:\/\/trinidad.salesianos.edu\/colegio\/#website"},"primaryImageOfPage":{"@id":"https:\/\/trinidad.salesianos.edu\/colegio\/blog\/2026\/05\/11\/el-futuro-es-sostenible-3o-de-primaria-brilla-en-la-24a-feria-de-la-ciencia-de-sevilla\/#primaryimage"},"image":{"@id":"https:\/\/trinidad.salesianos.edu\/colegio\/blog\/2026\/05\/11\/el-futuro-es-sostenible-3o-de-primaria-brilla-en-la-24a-feria-de-la-ciencia-de-sevilla\/#primaryimage"},"thumbnailUrl":"https:\/\/trinidad.salesianos.edu\/colegio\/wp-content\/uploads\/sites\/11\/2026\/05\/Feria-de-la-Ciencia_Salesianos-Trinidad-6.jpeg","datePublished":"2026-05-11T17:08:44+00:00","dateModified":"2026-05-11T17:25:23+00:00","author":{"@id":"https:\/\/trinidad.salesianos.edu\/colegio\/#\/schema\/person\/2004525a9ab42038c402f55157ca237b"},"breadcrumb":{"@id":"https:\/\/trinidad.salesianos.edu\/colegio\/blog\/2026\/05\/11\/el-futuro-es-sostenible-3o-de-primaria-brilla-en-la-24a-feria-de-la-ciencia-de-sevilla\/#breadcrumb"},"inLanguage":"es","potentialAction":[{"@type":"ReadAction","target":["https:\/\/trinidad.salesianos.edu\/colegio\/blog\/2026\/05\/11\/el-futuro-es-sostenible-3o-de-primaria-brilla-en-la-24a-feria-de-la-ciencia-de-sevilla\/"]}]},{"@type":"ImageObject","inLanguage":"es","@id":"https:\/\/trinidad.salesianos.edu\/colegio\/blog\/2026\/05\/11\/el-futuro-es-sostenible-3o-de-primaria-brilla-en-la-24a-feria-de-la-ciencia-de-sevilla\/#primaryimage","url":"https:\/\/trinidad.salesianos.edu\/colegio\/wp-content\/uploads\/sites\/11\/2026\/05\/Feria-de-la-Ciencia_Salesianos-Trinidad-6.jpeg","contentUrl":"https:\/\/trinidad.salesianos.edu\/colegio\/wp-content\/uploads\/sites\/11\/2026\/05\/Feria-de-la-Ciencia_Salesianos-Trinidad-6.jpeg","width":1600,"height":1200},{"@type":"BreadcrumbList","@id":"https:\/\/trinidad.salesianos.edu\/colegio\/blog\/2026\/05\/11\/el-futuro-es-sostenible-3o-de-primaria-brilla-en-la-24a-feria-de-la-ciencia-de-sevilla\/#breadcrumb","itemListElement":[{"@type":"ListItem","position":1,"name":"Portada","item":"https:\/\/trinidad.salesianos.edu\/colegio\/"},{"@type":"ListItem","position":2,"name":"El futuro es sostenible: 3\u00ba de Primaria brilla en la 24\u00aa Feria de la Ciencia de Sevilla"}]},{"@type":"WebSite","@id":"https:\/\/trinidad.salesianos.edu\/colegio\/#website","url":"https:\/\/trinidad.salesianos.edu\/colegio\/","name":"Colegio Salesianos Sant\u00edsima Trinidad","description":"P\u00e1gina oficial Salesianos Trinidad","potentialAction":[{"@type":"SearchAction","target":{"@type":"EntryPoint","urlTemplate":"https:\/\/trinidad.salesianos.edu\/colegio\/?s={search_term_string}"},"query-input":{"@type":"PropertyValueSpecification","valueRequired":true,"valueName":"search_term_string"}}],"inLanguage":"es"},{"@type":"Person","@id":"https:\/\/trinidad.salesianos.edu\/colegio\/#\/schema\/person\/2004525a9ab42038c402f55157ca237b","name":"Administrador Web","image":{"@type":"ImageObject","inLanguage":"es","@id":"https:\/\/secure.gravatar.com\/avatar\/fa79dbb1d375f9852c532691182385b98661fb27f5f03ec8241130ba23266757?s=96&d=mm&r=g","url":"https:\/\/secure.gravatar.com\/avatar\/fa79dbb1d375f9852c532691182385b98661fb27f5f03ec8241130ba23266757?s=96&d=mm&r=g","contentUrl":"https:\/\/secure.gravatar.com\/avatar\/fa79dbb1d375f9852c532691182385b98661fb27f5f03ec8241130ba23266757?s=96&d=mm&r=g","caption":"Administrador Web"}}]}},"views":26,"_links":{"self":[{"href":"https:\/\/trinidad.salesianos.edu\/colegio\/wp-json\/wp\/v2\/posts\/18977","targetHints":{"allow":["GET"]}}],"collection":[{"href":"https:\/\/trinidad.salesianos.edu\/colegio\/wp-json\/wp\/v2\/posts"}],"about":[{"href":"https:\/\/trinidad.salesianos.edu\/colegio\/wp-json\/wp\/v2\/types\/post"}],"author":[{"embeddable":true,"href":"https:\/\/trinidad.salesianos.edu\/colegio\/wp-json\/wp\/v2\/users\/3"}],"replies":[{"embeddable":true,"href":"https:\/\/trinidad.salesianos.edu\/colegio\/wp-json\/wp\/v2\/comments?post=18977"}],"version-history":[{"count":5,"href":"https:\/\/trinidad.salesianos.edu\/colegio\/wp-json\/wp\/v2\/posts\/18977\/revisions"}],"predecessor-version":[{"id":18992,"href":"https:\/\/trinidad.salesianos.edu\/colegio\/wp-json\/wp\/v2\/posts\/18977\/revisions\/18992"}],"wp:featuredmedia":[{"embeddable":true,"href":"https:\/\/trinidad.salesianos.edu\/colegio\/wp-json\/wp\/v2\/media\/18978"}],"wp:attachment":[{"href":"https:\/\/trinidad.salesianos.edu\/colegio\/wp-json\/wp\/v2\/media?parent=18977"}],"wp:term":[{"taxonomy":"category","embeddable":true,"href":"https:\/\/trinidad.salesianos.edu\/colegio\/wp-json\/wp\/v2\/categories?post=18977"},{"taxonomy":"post_tag","embeddable":true,"href":"https:\/\/trinidad.salesianos.edu\/colegio\/wp-json\/wp\/v2\/tags?post=18977"}],"curies":[{"name":"wp","href":"https:\/\/api.w.org\/{rel}","templated":true}]}}