
{"id":18950,"date":"2026-04-30T18:04:28","date_gmt":"2026-04-30T16:04:28","guid":{"rendered":"https:\/\/trinidad.salesianos.edu\/colegio\/?p=18950"},"modified":"2026-04-30T18:04:32","modified_gmt":"2026-04-30T16:04:32","slug":"salesianos-santisima-trinidad-se-convierte-en-centro-certificador-de-eplan-electric-p8","status":"publish","type":"post","link":"https:\/\/trinidad.salesianos.edu\/colegio\/blog\/2026\/04\/30\/salesianos-santisima-trinidad-se-convierte-en-centro-certificador-de-eplan-electric-p8\/","title":{"rendered":"Salesianos Sant\u00edsima Trinidad se convierte en centro certificador de EPLAN Electric P8"},"content":{"rendered":"<p>[et_pb_section fb_built=\u00bb1&#8243; admin_label=\u00bbsection\u00bb _builder_version=\u00bb4.16&#8243; global_colors_info=\u00bb{}\u00bb][et_pb_row admin_label=\u00bbrow\u00bb _builder_version=\u00bb4.16&#8243; background_size=\u00bbinitial\u00bb background_position=\u00bbtop_left\u00bb background_repeat=\u00bbrepeat\u00bb global_colors_info=\u00bb{}\u00bb][et_pb_column type=\u00bb4_4&#8243; _builder_version=\u00bb4.16&#8243; custom_padding=\u00bb|||\u00bb global_colors_info=\u00bb{}\u00bb custom_padding__hover=\u00bb|||\u00bb][et_pb_text _builder_version=\u00bb4.27.5&#8243; _module_preset=\u00bbdefault\u00bb hover_enabled=\u00bb0&#8243; sticky_enabled=\u00bb0&#8243; text_orientation=\u00bbjustified\u00bb]<\/p>\n<p style=\"text-align: center;\" data-start=\"193\" data-end=\"408\"><strong data-start=\"193\" data-end=\"408\">Los alumnos de 2\u00ba de Grado Superior de Electricidad del curso 2025\/2026 son los primeros en enfrentarse al examen \u00abEPLAN Certified Technician\u00bb (ECT), marcando un precedente en la excelencia educativa del centro.<\/strong><\/p>\n<p data-section-id=\"1cxnagj\" data-start=\"415\" data-end=\"459\"><strong>Un paso adelante en innovaci\u00f3n educativa<\/strong><\/p>\n<p data-start=\"461\" data-end=\"672\">En su apuesta constante por la innovaci\u00f3n tecnol\u00f3gica y la mejora de la empleabilidad, Salesianos Sant\u00edsima Trinidad da un paso significativo al convertirse en centro certificador oficial de EPLAN Electric P8.<\/p>\n<p data-start=\"674\" data-end=\"826\">Se trata de una acreditaci\u00f3n a\u00fan poco extendida en el \u00e1mbito educativo andaluz, lo que sit\u00faa al centro en una posici\u00f3n destacada dentro de la comunidad.<\/p>\n<p data-section-id=\"15n08rp\" data-start=\"833\" data-end=\"870\"><strong>Primera promoci\u00f3n en certificarse<\/strong><\/p>\n<p data-start=\"872\" data-end=\"1102\">Por primera vez, los estudiantes de segundo curso del Ciclo Formativo de Grado Superior en Sistemas Electrot\u00e9cnicos y Automatizados tendr\u00e1n la oportunidad de obtener la certificaci\u00f3n oficial <strong data-start=\"1063\" data-end=\"1099\">EPLAN Certified Technician (ECT)<\/strong>.<\/p>\n<p data-start=\"1104\" data-end=\"1221\">Los alumnos del curso 2025\/2026 ser\u00e1n los pioneros en afrontar esta prueba, abriendo camino para futuras promociones.<\/p>\n<p data-section-id=\"1kmzyas\" data-start=\"1228\" data-end=\"1282\"><strong>Una certificaci\u00f3n con reconocimiento internacional<\/strong><\/p>\n<p data-start=\"1284\" data-end=\"1501\">La certificaci\u00f3n ECT est\u00e1 reconocida a nivel internacional y valida competencias clave en el dise\u00f1o de esquemas el\u00e9ctricos mediante la plataforma EPLAN, una herramienta ampliamente utilizada en el sector industrial.<\/p>\n<p data-start=\"1503\" data-end=\"1648\">Su incorporaci\u00f3n al programa acad\u00e9mico refuerza la calidad formativa del centro y aporta un valor diferencial al perfil profesional del alumnado.<\/p>\n<p data-section-id=\"r8qgba\" data-start=\"1655\" data-end=\"1695\">Formaci\u00f3n conectada con la industria<\/p>\n<p data-start=\"1697\" data-end=\"1873\">Con esta iniciativa, Salesianos Sant\u00edsima Trinidad consolida su modelo educativo orientado a la pr\u00e1ctica, la especializaci\u00f3n y la conexi\u00f3n directa con el entorno profesional.<\/p>\n<p data-start=\"1875\" data-end=\"2052\">El objetivo es claro: preparar a los estudiantes con competencias reales y demandadas, facilitando su acceso al mercado laboral en un sector cada vez m\u00e1s exigente y tecnol\u00f3gico.<\/p>\n<p>[\/et_pb_text][\/et_pb_column][\/et_pb_row][\/et_pb_section]<\/p>\n","protected":false},"excerpt":{"rendered":"<p>Salesianos Sant\u00edsima Trinidad se convierte en centro certificador EPLAN Electric P8. Alumnos de Electricidad 2025\/2026 acceden a la certificaci\u00f3n ECT.<\/p>\n","protected":false},"author":3,"featured_media":18951,"comment_status":"open","ping_status":"open","sticky":false,"template":"","format":"standard","meta":{"_et_pb_use_builder":"on","_et_pb_old_content":"","_et_gb_content_width":"","footnotes":""},"categories":[29],"tags":[],"class_list":["post-18950","post","type-post","status-publish","format-standard","has-post-thumbnail","hentry","category-ciclos-formativos"],"yoast_head":"<!-- This site is optimized with the Yoast SEO plugin v28.3 - https:\/\/yoast.com\/product\/yoast-seo-wordpress\/ -->\n<title>Salesianos Sant\u00edsima Trinidad se convierte en centro certificador de EPLAN Electric P8 - Colegio Salesianos Sant\u00edsima Trinidad<\/title>\n<meta name=\"robots\" content=\"index, follow, max-snippet:-1, max-image-preview:large, max-video-preview:-1\" \/>\n<link rel=\"canonical\" href=\"https:\/\/trinidad.salesianos.edu\/colegio\/blog\/2026\/04\/30\/salesianos-santisima-trinidad-se-convierte-en-centro-certificador-de-eplan-electric-p8\/\" \/>\n<meta property=\"og:locale\" content=\"es_ES\" \/>\n<meta property=\"og:type\" content=\"article\" \/>\n<meta property=\"og:title\" content=\"Salesianos Sant\u00edsima Trinidad se convierte en centro certificador de EPLAN Electric P8 - Colegio Salesianos Sant\u00edsima Trinidad\" \/>\n<meta property=\"og:description\" content=\"Salesianos Sant\u00edsima Trinidad se convierte en centro certificador EPLAN Electric P8. Alumnos de Electricidad 2025\/2026 acceden a la certificaci\u00f3n ECT.\" \/>\n<meta property=\"og:url\" content=\"https:\/\/trinidad.salesianos.edu\/colegio\/blog\/2026\/04\/30\/salesianos-santisima-trinidad-se-convierte-en-centro-certificador-de-eplan-electric-p8\/\" \/>\n<meta property=\"og:site_name\" content=\"Colegio Salesianos Sant\u00edsima Trinidad\" \/>\n<meta property=\"article:published_time\" content=\"2026-04-30T16:04:28+00:00\" \/>\n<meta property=\"article:modified_time\" content=\"2026-04-30T16:04:32+00:00\" \/>\n<meta property=\"og:image\" content=\"https:\/\/trinidad.salesianos.edu\/colegio\/wp-content\/uploads\/sites\/11\/2026\/04\/eplan.jpg\" \/>\n\t<meta property=\"og:image:width\" content=\"1200\" \/>\n\t<meta property=\"og:image:height\" content=\"700\" \/>\n\t<meta property=\"og:image:type\" content=\"image\/jpeg\" \/>\n<meta name=\"author\" content=\"Administrador Web\" \/>\n<meta name=\"twitter:card\" content=\"summary_large_image\" \/>\n<meta name=\"twitter:label1\" content=\"Escrito por\" \/>\n\t<meta name=\"twitter:data1\" content=\"Administrador Web\" \/>\n\t<meta name=\"twitter:label2\" content=\"Tiempo de lectura\" \/>\n\t<meta name=\"twitter:data2\" content=\"2 minutos\" \/>\n<script type=\"application\/ld+json\" class=\"yoast-schema-graph\">{\"@context\":\"https:\\\/\\\/schema.org\",\"@graph\":[{\"@type\":\"Article\",\"@id\":\"https:\\\/\\\/trinidad.salesianos.edu\\\/colegio\\\/blog\\\/2026\\\/04\\\/30\\\/salesianos-santisima-trinidad-se-convierte-en-centro-certificador-de-eplan-electric-p8\\\/#article\",\"isPartOf\":{\"@id\":\"https:\\\/\\\/trinidad.salesianos.edu\\\/colegio\\\/blog\\\/2026\\\/04\\\/30\\\/salesianos-santisima-trinidad-se-convierte-en-centro-certificador-de-eplan-electric-p8\\\/\"},\"author\":{\"name\":\"Administrador Web\",\"@id\":\"https:\\\/\\\/trinidad.salesianos.edu\\\/colegio\\\/#\\\/schema\\\/person\\\/2004525a9ab42038c402f55157ca237b\"},\"headline\":\"Salesianos Sant\u00edsima Trinidad se convierte en centro certificador de EPLAN Electric P8\",\"datePublished\":\"2026-04-30T16:04:28+00:00\",\"dateModified\":\"2026-04-30T16:04:32+00:00\",\"mainEntityOfPage\":{\"@id\":\"https:\\\/\\\/trinidad.salesianos.edu\\\/colegio\\\/blog\\\/2026\\\/04\\\/30\\\/salesianos-santisima-trinidad-se-convierte-en-centro-certificador-de-eplan-electric-p8\\\/\"},\"wordCount\":371,\"commentCount\":0,\"image\":{\"@id\":\"https:\\\/\\\/trinidad.salesianos.edu\\\/colegio\\\/blog\\\/2026\\\/04\\\/30\\\/salesianos-santisima-trinidad-se-convierte-en-centro-certificador-de-eplan-electric-p8\\\/#primaryimage\"},\"thumbnailUrl\":\"https:\\\/\\\/trinidad.salesianos.edu\\\/colegio\\\/wp-content\\\/uploads\\\/sites\\\/11\\\/2026\\\/04\\\/eplan.jpg\",\"articleSection\":[\"Ciclos Formativos\"],\"inLanguage\":\"es\",\"potentialAction\":[{\"@type\":\"CommentAction\",\"name\":\"Comment\",\"target\":[\"https:\\\/\\\/trinidad.salesianos.edu\\\/colegio\\\/blog\\\/2026\\\/04\\\/30\\\/salesianos-santisima-trinidad-se-convierte-en-centro-certificador-de-eplan-electric-p8\\\/#respond\"]}]},{\"@type\":\"WebPage\",\"@id\":\"https:\\\/\\\/trinidad.salesianos.edu\\\/colegio\\\/blog\\\/2026\\\/04\\\/30\\\/salesianos-santisima-trinidad-se-convierte-en-centro-certificador-de-eplan-electric-p8\\\/\",\"url\":\"https:\\\/\\\/trinidad.salesianos.edu\\\/colegio\\\/blog\\\/2026\\\/04\\\/30\\\/salesianos-santisima-trinidad-se-convierte-en-centro-certificador-de-eplan-electric-p8\\\/\",\"name\":\"Salesianos Sant\u00edsima Trinidad se convierte en centro certificador de EPLAN Electric P8 - Colegio Salesianos Sant\u00edsima Trinidad\",\"isPartOf\":{\"@id\":\"https:\\\/\\\/trinidad.salesianos.edu\\\/colegio\\\/#website\"},\"primaryImageOfPage\":{\"@id\":\"https:\\\/\\\/trinidad.salesianos.edu\\\/colegio\\\/blog\\\/2026\\\/04\\\/30\\\/salesianos-santisima-trinidad-se-convierte-en-centro-certificador-de-eplan-electric-p8\\\/#primaryimage\"},\"image\":{\"@id\":\"https:\\\/\\\/trinidad.salesianos.edu\\\/colegio\\\/blog\\\/2026\\\/04\\\/30\\\/salesianos-santisima-trinidad-se-convierte-en-centro-certificador-de-eplan-electric-p8\\\/#primaryimage\"},\"thumbnailUrl\":\"https:\\\/\\\/trinidad.salesianos.edu\\\/colegio\\\/wp-content\\\/uploads\\\/sites\\\/11\\\/2026\\\/04\\\/eplan.jpg\",\"datePublished\":\"2026-04-30T16:04:28+00:00\",\"dateModified\":\"2026-04-30T16:04:32+00:00\",\"author\":{\"@id\":\"https:\\\/\\\/trinidad.salesianos.edu\\\/colegio\\\/#\\\/schema\\\/person\\\/2004525a9ab42038c402f55157ca237b\"},\"breadcrumb\":{\"@id\":\"https:\\\/\\\/trinidad.salesianos.edu\\\/colegio\\\/blog\\\/2026\\\/04\\\/30\\\/salesianos-santisima-trinidad-se-convierte-en-centro-certificador-de-eplan-electric-p8\\\/#breadcrumb\"},\"inLanguage\":\"es\",\"potentialAction\":[{\"@type\":\"ReadAction\",\"target\":[\"https:\\\/\\\/trinidad.salesianos.edu\\\/colegio\\\/blog\\\/2026\\\/04\\\/30\\\/salesianos-santisima-trinidad-se-convierte-en-centro-certificador-de-eplan-electric-p8\\\/\"]}]},{\"@type\":\"ImageObject\",\"inLanguage\":\"es\",\"@id\":\"https:\\\/\\\/trinidad.salesianos.edu\\\/colegio\\\/blog\\\/2026\\\/04\\\/30\\\/salesianos-santisima-trinidad-se-convierte-en-centro-certificador-de-eplan-electric-p8\\\/#primaryimage\",\"url\":\"https:\\\/\\\/trinidad.salesianos.edu\\\/colegio\\\/wp-content\\\/uploads\\\/sites\\\/11\\\/2026\\\/04\\\/eplan.jpg\",\"contentUrl\":\"https:\\\/\\\/trinidad.salesianos.edu\\\/colegio\\\/wp-content\\\/uploads\\\/sites\\\/11\\\/2026\\\/04\\\/eplan.jpg\",\"width\":1200,\"height\":700},{\"@type\":\"BreadcrumbList\",\"@id\":\"https:\\\/\\\/trinidad.salesianos.edu\\\/colegio\\\/blog\\\/2026\\\/04\\\/30\\\/salesianos-santisima-trinidad-se-convierte-en-centro-certificador-de-eplan-electric-p8\\\/#breadcrumb\",\"itemListElement\":[{\"@type\":\"ListItem\",\"position\":1,\"name\":\"Portada\",\"item\":\"https:\\\/\\\/trinidad.salesianos.edu\\\/colegio\\\/\"},{\"@type\":\"ListItem\",\"position\":2,\"name\":\"Salesianos Sant\u00edsima Trinidad se convierte en centro certificador de EPLAN Electric P8\"}]},{\"@type\":\"WebSite\",\"@id\":\"https:\\\/\\\/trinidad.salesianos.edu\\\/colegio\\\/#website\",\"url\":\"https:\\\/\\\/trinidad.salesianos.edu\\\/colegio\\\/\",\"name\":\"Colegio Salesianos Sant\u00edsima Trinidad\",\"description\":\"P\u00e1gina oficial Salesianos Trinidad\",\"potentialAction\":[{\"@type\":\"SearchAction\",\"target\":{\"@type\":\"EntryPoint\",\"urlTemplate\":\"https:\\\/\\\/trinidad.salesianos.edu\\\/colegio\\\/?s={search_term_string}\"},\"query-input\":{\"@type\":\"PropertyValueSpecification\",\"valueRequired\":true,\"valueName\":\"search_term_string\"}}],\"inLanguage\":\"es\"},{\"@type\":\"Person\",\"@id\":\"https:\\\/\\\/trinidad.salesianos.edu\\\/colegio\\\/#\\\/schema\\\/person\\\/2004525a9ab42038c402f55157ca237b\",\"name\":\"Administrador Web\",\"image\":{\"@type\":\"ImageObject\",\"inLanguage\":\"es\",\"@id\":\"https:\\\/\\\/secure.gravatar.com\\\/avatar\\\/fa79dbb1d375f9852c532691182385b98661fb27f5f03ec8241130ba23266757?s=96&d=mm&r=g\",\"url\":\"https:\\\/\\\/secure.gravatar.com\\\/avatar\\\/fa79dbb1d375f9852c532691182385b98661fb27f5f03ec8241130ba23266757?s=96&d=mm&r=g\",\"contentUrl\":\"https:\\\/\\\/secure.gravatar.com\\\/avatar\\\/fa79dbb1d375f9852c532691182385b98661fb27f5f03ec8241130ba23266757?s=96&d=mm&r=g\",\"caption\":\"Administrador Web\"}}]}<\/script>\n<!-- \/ Yoast SEO plugin. -->","yoast_head_json":{"title":"Salesianos Sant\u00edsima Trinidad se convierte en centro certificador de EPLAN Electric P8 - Colegio Salesianos Sant\u00edsima Trinidad","robots":{"index":"index","follow":"follow","max-snippet":"max-snippet:-1","max-image-preview":"max-image-preview:large","max-video-preview":"max-video-preview:-1"},"canonical":"https:\/\/trinidad.salesianos.edu\/colegio\/blog\/2026\/04\/30\/salesianos-santisima-trinidad-se-convierte-en-centro-certificador-de-eplan-electric-p8\/","og_locale":"es_ES","og_type":"article","og_title":"Salesianos Sant\u00edsima Trinidad se convierte en centro certificador de EPLAN Electric P8 - Colegio Salesianos Sant\u00edsima Trinidad","og_description":"Salesianos Sant\u00edsima Trinidad se convierte en centro certificador EPLAN Electric P8. Alumnos de Electricidad 2025\/2026 acceden a la certificaci\u00f3n ECT.","og_url":"https:\/\/trinidad.salesianos.edu\/colegio\/blog\/2026\/04\/30\/salesianos-santisima-trinidad-se-convierte-en-centro-certificador-de-eplan-electric-p8\/","og_site_name":"Colegio Salesianos Sant\u00edsima Trinidad","article_published_time":"2026-04-30T16:04:28+00:00","article_modified_time":"2026-04-30T16:04:32+00:00","og_image":[{"width":1200,"height":700,"url":"https:\/\/trinidad.salesianos.edu\/colegio\/wp-content\/uploads\/sites\/11\/2026\/04\/eplan.jpg","type":"image\/jpeg"}],"author":"Administrador Web","twitter_card":"summary_large_image","twitter_misc":{"Escrito por":"Administrador Web","Tiempo de lectura":"2 minutos"},"schema":{"@context":"https:\/\/schema.org","@graph":[{"@type":"Article","@id":"https:\/\/trinidad.salesianos.edu\/colegio\/blog\/2026\/04\/30\/salesianos-santisima-trinidad-se-convierte-en-centro-certificador-de-eplan-electric-p8\/#article","isPartOf":{"@id":"https:\/\/trinidad.salesianos.edu\/colegio\/blog\/2026\/04\/30\/salesianos-santisima-trinidad-se-convierte-en-centro-certificador-de-eplan-electric-p8\/"},"author":{"name":"Administrador Web","@id":"https:\/\/trinidad.salesianos.edu\/colegio\/#\/schema\/person\/2004525a9ab42038c402f55157ca237b"},"headline":"Salesianos Sant\u00edsima Trinidad se convierte en centro certificador de EPLAN Electric P8","datePublished":"2026-04-30T16:04:28+00:00","dateModified":"2026-04-30T16:04:32+00:00","mainEntityOfPage":{"@id":"https:\/\/trinidad.salesianos.edu\/colegio\/blog\/2026\/04\/30\/salesianos-santisima-trinidad-se-convierte-en-centro-certificador-de-eplan-electric-p8\/"},"wordCount":371,"commentCount":0,"image":{"@id":"https:\/\/trinidad.salesianos.edu\/colegio\/blog\/2026\/04\/30\/salesianos-santisima-trinidad-se-convierte-en-centro-certificador-de-eplan-electric-p8\/#primaryimage"},"thumbnailUrl":"https:\/\/trinidad.salesianos.edu\/colegio\/wp-content\/uploads\/sites\/11\/2026\/04\/eplan.jpg","articleSection":["Ciclos Formativos"],"inLanguage":"es","potentialAction":[{"@type":"CommentAction","name":"Comment","target":["https:\/\/trinidad.salesianos.edu\/colegio\/blog\/2026\/04\/30\/salesianos-santisima-trinidad-se-convierte-en-centro-certificador-de-eplan-electric-p8\/#respond"]}]},{"@type":"WebPage","@id":"https:\/\/trinidad.salesianos.edu\/colegio\/blog\/2026\/04\/30\/salesianos-santisima-trinidad-se-convierte-en-centro-certificador-de-eplan-electric-p8\/","url":"https:\/\/trinidad.salesianos.edu\/colegio\/blog\/2026\/04\/30\/salesianos-santisima-trinidad-se-convierte-en-centro-certificador-de-eplan-electric-p8\/","name":"Salesianos Sant\u00edsima Trinidad se convierte en centro certificador de EPLAN Electric P8 - Colegio Salesianos Sant\u00edsima Trinidad","isPartOf":{"@id":"https:\/\/trinidad.salesianos.edu\/colegio\/#website"},"primaryImageOfPage":{"@id":"https:\/\/trinidad.salesianos.edu\/colegio\/blog\/2026\/04\/30\/salesianos-santisima-trinidad-se-convierte-en-centro-certificador-de-eplan-electric-p8\/#primaryimage"},"image":{"@id":"https:\/\/trinidad.salesianos.edu\/colegio\/blog\/2026\/04\/30\/salesianos-santisima-trinidad-se-convierte-en-centro-certificador-de-eplan-electric-p8\/#primaryimage"},"thumbnailUrl":"https:\/\/trinidad.salesianos.edu\/colegio\/wp-content\/uploads\/sites\/11\/2026\/04\/eplan.jpg","datePublished":"2026-04-30T16:04:28+00:00","dateModified":"2026-04-30T16:04:32+00:00","author":{"@id":"https:\/\/trinidad.salesianos.edu\/colegio\/#\/schema\/person\/2004525a9ab42038c402f55157ca237b"},"breadcrumb":{"@id":"https:\/\/trinidad.salesianos.edu\/colegio\/blog\/2026\/04\/30\/salesianos-santisima-trinidad-se-convierte-en-centro-certificador-de-eplan-electric-p8\/#breadcrumb"},"inLanguage":"es","potentialAction":[{"@type":"ReadAction","target":["https:\/\/trinidad.salesianos.edu\/colegio\/blog\/2026\/04\/30\/salesianos-santisima-trinidad-se-convierte-en-centro-certificador-de-eplan-electric-p8\/"]}]},{"@type":"ImageObject","inLanguage":"es","@id":"https:\/\/trinidad.salesianos.edu\/colegio\/blog\/2026\/04\/30\/salesianos-santisima-trinidad-se-convierte-en-centro-certificador-de-eplan-electric-p8\/#primaryimage","url":"https:\/\/trinidad.salesianos.edu\/colegio\/wp-content\/uploads\/sites\/11\/2026\/04\/eplan.jpg","contentUrl":"https:\/\/trinidad.salesianos.edu\/colegio\/wp-content\/uploads\/sites\/11\/2026\/04\/eplan.jpg","width":1200,"height":700},{"@type":"BreadcrumbList","@id":"https:\/\/trinidad.salesianos.edu\/colegio\/blog\/2026\/04\/30\/salesianos-santisima-trinidad-se-convierte-en-centro-certificador-de-eplan-electric-p8\/#breadcrumb","itemListElement":[{"@type":"ListItem","position":1,"name":"Portada","item":"https:\/\/trinidad.salesianos.edu\/colegio\/"},{"@type":"ListItem","position":2,"name":"Salesianos Sant\u00edsima Trinidad se convierte en centro certificador de EPLAN Electric P8"}]},{"@type":"WebSite","@id":"https:\/\/trinidad.salesianos.edu\/colegio\/#website","url":"https:\/\/trinidad.salesianos.edu\/colegio\/","name":"Colegio Salesianos Sant\u00edsima Trinidad","description":"P\u00e1gina oficial Salesianos Trinidad","potentialAction":[{"@type":"SearchAction","target":{"@type":"EntryPoint","urlTemplate":"https:\/\/trinidad.salesianos.edu\/colegio\/?s={search_term_string}"},"query-input":{"@type":"PropertyValueSpecification","valueRequired":true,"valueName":"search_term_string"}}],"inLanguage":"es"},{"@type":"Person","@id":"https:\/\/trinidad.salesianos.edu\/colegio\/#\/schema\/person\/2004525a9ab42038c402f55157ca237b","name":"Administrador Web","image":{"@type":"ImageObject","inLanguage":"es","@id":"https:\/\/secure.gravatar.com\/avatar\/fa79dbb1d375f9852c532691182385b98661fb27f5f03ec8241130ba23266757?s=96&d=mm&r=g","url":"https:\/\/secure.gravatar.com\/avatar\/fa79dbb1d375f9852c532691182385b98661fb27f5f03ec8241130ba23266757?s=96&d=mm&r=g","contentUrl":"https:\/\/secure.gravatar.com\/avatar\/fa79dbb1d375f9852c532691182385b98661fb27f5f03ec8241130ba23266757?s=96&d=mm&r=g","caption":"Administrador Web"}}]}},"views":60,"_links":{"self":[{"href":"https:\/\/trinidad.salesianos.edu\/colegio\/wp-json\/wp\/v2\/posts\/18950","targetHints":{"allow":["GET"]}}],"collection":[{"href":"https:\/\/trinidad.salesianos.edu\/colegio\/wp-json\/wp\/v2\/posts"}],"about":[{"href":"https:\/\/trinidad.salesianos.edu\/colegio\/wp-json\/wp\/v2\/types\/post"}],"author":[{"embeddable":true,"href":"https:\/\/trinidad.salesianos.edu\/colegio\/wp-json\/wp\/v2\/users\/3"}],"replies":[{"embeddable":true,"href":"https:\/\/trinidad.salesianos.edu\/colegio\/wp-json\/wp\/v2\/comments?post=18950"}],"version-history":[{"count":4,"href":"https:\/\/trinidad.salesianos.edu\/colegio\/wp-json\/wp\/v2\/posts\/18950\/revisions"}],"predecessor-version":[{"id":18956,"href":"https:\/\/trinidad.salesianos.edu\/colegio\/wp-json\/wp\/v2\/posts\/18950\/revisions\/18956"}],"wp:featuredmedia":[{"embeddable":true,"href":"https:\/\/trinidad.salesianos.edu\/colegio\/wp-json\/wp\/v2\/media\/18951"}],"wp:attachment":[{"href":"https:\/\/trinidad.salesianos.edu\/colegio\/wp-json\/wp\/v2\/media?parent=18950"}],"wp:term":[{"taxonomy":"category","embeddable":true,"href":"https:\/\/trinidad.salesianos.edu\/colegio\/wp-json\/wp\/v2\/categories?post=18950"},{"taxonomy":"post_tag","embeddable":true,"href":"https:\/\/trinidad.salesianos.edu\/colegio\/wp-json\/wp\/v2\/tags?post=18950"}],"curies":[{"name":"wp","href":"https:\/\/api.w.org\/{rel}","templated":true}]}}