
{"id":17035,"date":"2024-09-09T11:08:27","date_gmt":"2024-09-09T09:08:27","guid":{"rendered":"https:\/\/trinidad.salesianos.edu\/colegio\/blog\/2024\/09\/09\/somos-futuro-arrancamos-motores\/"},"modified":"2024-09-09T11:08:27","modified_gmt":"2024-09-09T09:08:27","slug":"somos-futuro-arrancamos-motores","status":"publish","type":"post","link":"https:\/\/trinidad.salesianos.edu\/colegio\/blog\/2024\/09\/09\/somos-futuro-arrancamos-motores\/","title":{"rendered":"Somos futuro, arrancamos motores"},"content":{"rendered":"<p>[et_pb_section fb_built=\u00bb1&#8243; admin_label=\u00bbsection\u00bb _builder_version=\u00bb4.16&#8243; global_colors_info=\u00bb{}\u00bb][et_pb_row admin_label=\u00bbrow\u00bb _builder_version=\u00bb4.16&#8243; background_size=\u00bbinitial\u00bb background_position=\u00bbtop_left\u00bb background_repeat=\u00bbrepeat\u00bb global_colors_info=\u00bb{}\u00bb][et_pb_column type=\u00bb4_4&#8243; _builder_version=\u00bb4.16&#8243; custom_padding=\u00bb|||\u00bb global_colors_info=\u00bb{}\u00bb custom_padding__hover=\u00bb|||\u00bb][et_pb_text _builder_version=\u00bb4.27.0&#8243; _module_preset=\u00bbdefault\u00bb global_colors_info=\u00bb{}\u00bb]<\/p>\n<p>El mes de septiembre marca un momento especial en la Casa Salesiana de la Trinidad, una instituci\u00f3n que, desde su fundaci\u00f3n en 1893, ha sido un faro de educaci\u00f3n y valores para generaciones de j\u00f3venes en Sevilla. El curso escolar 2024-2025 no es la excepci\u00f3n y con la llegada de este nuevo ciclo, el claustro de profesores y profesoras ha dedicado las \u00faltimas dos semanas a preparar meticulosamente cada detalle, asegur\u00e1ndose de que todo est\u00e9 a punto para recibir a sus alumnos y alumnas. Este esfuerzo colectivo refleja el compromiso inquebrantable de la comunidad educativa-pastoral con su misi\u00f3n de formar buenos cristianos y honrados ciudadanos, siguiendo el legado de Don Bosco.<\/p>\n<h4>\u00a0<\/h4>\n<h4>Educar es cosa del coraz\u00f3n<\/h4>\n<p>El inicio de curso siempre supone un reto organizativo y pedag\u00f3gico, pero el equipo docente de la Casa Salesiana lo ha afrontado con entusiasmo y dedicaci\u00f3n. Durante las dos \u00faltimas semanas, se han revisado metodolog\u00edas, adaptado contenidos y organizado espacios, con el objetivo de ofrecer al alumnado no solo una educaci\u00f3n de calidad, sino tambi\u00e9n un entorno acogedor y seguro. Se trata de un esfuerzo continuo por mantener viva la esencia de la pedagog\u00eda salesiana, centrada en la cercan\u00eda, la familiaridad y el acompa\u00f1amiento personal. El profesorado ha trabajado en equipo para fortalecer los lazos con las familias y preparar actividades que favorezcan el desarrollo integral de cada joven.<\/p>\n<h4>\u00a0<\/h4>\n<h4>Un futuro prometedor<\/h4>\n<p>El curso 2024-2025 se presenta lleno de retos, pero tambi\u00e9n de oportunidades, con una nueva ley educativa (en Formaci\u00f3n Profesional) y una nueva PAU para los chicos y chicas de 2\u00ba de Bachillerato. Las bases est\u00e1n sentadas para continuar ofreciendo una educaci\u00f3n integral, en la que los valores cristianos son el pilar fundamental. La comunidad educativo-pastoral de la Casa Salesiana de la Trinidad mira hacia el futuro con esperanza, confiando en que Mar\u00eda Auxiliadora acompa\u00f1ar\u00e1 a cada miembro en su camino y en que su luz iluminar\u00e1 cada paso que se d\u00e9.<\/p>\n<p>Este inicio de curso es una oportunidad para renovar el compromiso con la misi\u00f3n salesiana, esa que aspira a hacer de cada joven un buen cristiano y un honrado ciudadano. Que este curso que comienza est\u00e9 lleno de aprendizajes, alegr\u00edas y momentos compartidos, siempre bajo la mirada protectora de la Virgen Auxiliadora.<\/p>\n<p>[\/et_pb_text][\/et_pb_column][\/et_pb_row][\/et_pb_section]<\/p>\n","protected":false},"excerpt":{"rendered":"<p>El mes de septiembre marca un momento especial en la Casa Salesiana de la Trinidad, una instituci\u00f3n que, desde su fundaci\u00f3n en 1893, ha sido un faro de educaci\u00f3n y valores para generaciones de j\u00f3venes en Sevilla. El curso escolar 2024-2025 no es la excepci\u00f3n y con la llegada de este nuevo ciclo, el claustro [&hellip;]<\/p>\n","protected":false},"author":3,"featured_media":17036,"comment_status":"open","ping_status":"open","sticky":false,"template":"","format":"standard","meta":{"_et_pb_use_builder":"on","_et_pb_old_content":"","_et_gb_content_width":"","footnotes":""},"categories":[10,42],"tags":[],"class_list":["post-17035","post","type-post","status-publish","format-standard","has-post-thumbnail","hentry","category-colegio","category-general"],"yoast_head":"<!-- This site is optimized with the Yoast SEO plugin v28.3 - https:\/\/yoast.com\/product\/yoast-seo-wordpress\/ -->\n<title>Somos futuro, arrancamos motores - Colegio Salesianos Sant\u00edsima Trinidad<\/title>\n<meta name=\"robots\" content=\"index, follow, max-snippet:-1, max-image-preview:large, max-video-preview:-1\" \/>\n<link rel=\"canonical\" href=\"https:\/\/trinidad.salesianos.edu\/colegio\/blog\/2024\/09\/09\/somos-futuro-arrancamos-motores\/\" \/>\n<meta property=\"og:locale\" content=\"es_ES\" \/>\n<meta property=\"og:type\" content=\"article\" \/>\n<meta property=\"og:title\" content=\"Somos futuro, arrancamos motores - Colegio Salesianos Sant\u00edsima Trinidad\" \/>\n<meta property=\"og:description\" content=\"El mes de septiembre marca un momento especial en la Casa Salesiana de la Trinidad, una instituci\u00f3n que, desde su fundaci\u00f3n en 1893, ha sido un faro de educaci\u00f3n y valores para generaciones de j\u00f3venes en Sevilla. El curso escolar 2024-2025 no es la excepci\u00f3n y con la llegada de este nuevo ciclo, el claustro [&hellip;]\" \/>\n<meta property=\"og:url\" content=\"https:\/\/trinidad.salesianos.edu\/colegio\/blog\/2024\/09\/09\/somos-futuro-arrancamos-motores\/\" \/>\n<meta property=\"og:site_name\" content=\"Colegio Salesianos Sant\u00edsima Trinidad\" \/>\n<meta property=\"article:published_time\" content=\"2024-09-09T09:08:27+00:00\" \/>\n<meta property=\"og:image\" content=\"https:\/\/trinidad.salesianos.edu\/colegio\/wp-content\/uploads\/sites\/11\/2024\/09\/Clasutro-2024-2025.jpeg\" \/>\n\t<meta property=\"og:image:width\" content=\"1600\" \/>\n\t<meta property=\"og:image:height\" content=\"883\" \/>\n\t<meta property=\"og:image:type\" content=\"image\/jpeg\" \/>\n<meta name=\"author\" content=\"Administrador Web\" \/>\n<meta name=\"twitter:card\" content=\"summary_large_image\" \/>\n<meta name=\"twitter:label1\" content=\"Escrito por\" \/>\n\t<meta name=\"twitter:data1\" content=\"Administrador Web\" \/>\n\t<meta name=\"twitter:label2\" content=\"Tiempo de lectura\" \/>\n\t<meta name=\"twitter:data2\" content=\"2 minutos\" \/>\n<script type=\"application\/ld+json\" class=\"yoast-schema-graph\">{\"@context\":\"https:\\\/\\\/schema.org\",\"@graph\":[{\"@type\":\"Article\",\"@id\":\"https:\\\/\\\/trinidad.salesianos.edu\\\/colegio\\\/blog\\\/2024\\\/09\\\/09\\\/somos-futuro-arrancamos-motores\\\/#article\",\"isPartOf\":{\"@id\":\"https:\\\/\\\/trinidad.salesianos.edu\\\/colegio\\\/blog\\\/2024\\\/09\\\/09\\\/somos-futuro-arrancamos-motores\\\/\"},\"author\":{\"name\":\"Administrador Web\",\"@id\":\"https:\\\/\\\/trinidad.salesianos.edu\\\/colegio\\\/#\\\/schema\\\/person\\\/2004525a9ab42038c402f55157ca237b\"},\"headline\":\"Somos futuro, arrancamos motores\",\"datePublished\":\"2024-09-09T09:08:27+00:00\",\"mainEntityOfPage\":{\"@id\":\"https:\\\/\\\/trinidad.salesianos.edu\\\/colegio\\\/blog\\\/2024\\\/09\\\/09\\\/somos-futuro-arrancamos-motores\\\/\"},\"wordCount\":469,\"commentCount\":0,\"image\":{\"@id\":\"https:\\\/\\\/trinidad.salesianos.edu\\\/colegio\\\/blog\\\/2024\\\/09\\\/09\\\/somos-futuro-arrancamos-motores\\\/#primaryimage\"},\"thumbnailUrl\":\"https:\\\/\\\/trinidad.salesianos.edu\\\/colegio\\\/wp-content\\\/uploads\\\/sites\\\/11\\\/2024\\\/09\\\/Clasutro-2024-2025.jpeg\",\"articleSection\":[\"Colegio\",\"General\"],\"inLanguage\":\"es\",\"potentialAction\":[{\"@type\":\"CommentAction\",\"name\":\"Comment\",\"target\":[\"https:\\\/\\\/trinidad.salesianos.edu\\\/colegio\\\/blog\\\/2024\\\/09\\\/09\\\/somos-futuro-arrancamos-motores\\\/#respond\"]}]},{\"@type\":\"WebPage\",\"@id\":\"https:\\\/\\\/trinidad.salesianos.edu\\\/colegio\\\/blog\\\/2024\\\/09\\\/09\\\/somos-futuro-arrancamos-motores\\\/\",\"url\":\"https:\\\/\\\/trinidad.salesianos.edu\\\/colegio\\\/blog\\\/2024\\\/09\\\/09\\\/somos-futuro-arrancamos-motores\\\/\",\"name\":\"Somos futuro, arrancamos motores - Colegio Salesianos Sant\u00edsima Trinidad\",\"isPartOf\":{\"@id\":\"https:\\\/\\\/trinidad.salesianos.edu\\\/colegio\\\/#website\"},\"primaryImageOfPage\":{\"@id\":\"https:\\\/\\\/trinidad.salesianos.edu\\\/colegio\\\/blog\\\/2024\\\/09\\\/09\\\/somos-futuro-arrancamos-motores\\\/#primaryimage\"},\"image\":{\"@id\":\"https:\\\/\\\/trinidad.salesianos.edu\\\/colegio\\\/blog\\\/2024\\\/09\\\/09\\\/somos-futuro-arrancamos-motores\\\/#primaryimage\"},\"thumbnailUrl\":\"https:\\\/\\\/trinidad.salesianos.edu\\\/colegio\\\/wp-content\\\/uploads\\\/sites\\\/11\\\/2024\\\/09\\\/Clasutro-2024-2025.jpeg\",\"datePublished\":\"2024-09-09T09:08:27+00:00\",\"author\":{\"@id\":\"https:\\\/\\\/trinidad.salesianos.edu\\\/colegio\\\/#\\\/schema\\\/person\\\/2004525a9ab42038c402f55157ca237b\"},\"breadcrumb\":{\"@id\":\"https:\\\/\\\/trinidad.salesianos.edu\\\/colegio\\\/blog\\\/2024\\\/09\\\/09\\\/somos-futuro-arrancamos-motores\\\/#breadcrumb\"},\"inLanguage\":\"es\",\"potentialAction\":[{\"@type\":\"ReadAction\",\"target\":[\"https:\\\/\\\/trinidad.salesianos.edu\\\/colegio\\\/blog\\\/2024\\\/09\\\/09\\\/somos-futuro-arrancamos-motores\\\/\"]}]},{\"@type\":\"ImageObject\",\"inLanguage\":\"es\",\"@id\":\"https:\\\/\\\/trinidad.salesianos.edu\\\/colegio\\\/blog\\\/2024\\\/09\\\/09\\\/somos-futuro-arrancamos-motores\\\/#primaryimage\",\"url\":\"https:\\\/\\\/trinidad.salesianos.edu\\\/colegio\\\/wp-content\\\/uploads\\\/sites\\\/11\\\/2024\\\/09\\\/Clasutro-2024-2025.jpeg\",\"contentUrl\":\"https:\\\/\\\/trinidad.salesianos.edu\\\/colegio\\\/wp-content\\\/uploads\\\/sites\\\/11\\\/2024\\\/09\\\/Clasutro-2024-2025.jpeg\",\"width\":1600,\"height\":883},{\"@type\":\"BreadcrumbList\",\"@id\":\"https:\\\/\\\/trinidad.salesianos.edu\\\/colegio\\\/blog\\\/2024\\\/09\\\/09\\\/somos-futuro-arrancamos-motores\\\/#breadcrumb\",\"itemListElement\":[{\"@type\":\"ListItem\",\"position\":1,\"name\":\"Portada\",\"item\":\"https:\\\/\\\/trinidad.salesianos.edu\\\/colegio\\\/\"},{\"@type\":\"ListItem\",\"position\":2,\"name\":\"Somos futuro, arrancamos motores\"}]},{\"@type\":\"WebSite\",\"@id\":\"https:\\\/\\\/trinidad.salesianos.edu\\\/colegio\\\/#website\",\"url\":\"https:\\\/\\\/trinidad.salesianos.edu\\\/colegio\\\/\",\"name\":\"Colegio Salesianos Sant\u00edsima Trinidad\",\"description\":\"P\u00e1gina oficial Salesianos Trinidad\",\"potentialAction\":[{\"@type\":\"SearchAction\",\"target\":{\"@type\":\"EntryPoint\",\"urlTemplate\":\"https:\\\/\\\/trinidad.salesianos.edu\\\/colegio\\\/?s={search_term_string}\"},\"query-input\":{\"@type\":\"PropertyValueSpecification\",\"valueRequired\":true,\"valueName\":\"search_term_string\"}}],\"inLanguage\":\"es\"},{\"@type\":\"Person\",\"@id\":\"https:\\\/\\\/trinidad.salesianos.edu\\\/colegio\\\/#\\\/schema\\\/person\\\/2004525a9ab42038c402f55157ca237b\",\"name\":\"Administrador Web\",\"image\":{\"@type\":\"ImageObject\",\"inLanguage\":\"es\",\"@id\":\"https:\\\/\\\/secure.gravatar.com\\\/avatar\\\/fa79dbb1d375f9852c532691182385b98661fb27f5f03ec8241130ba23266757?s=96&d=mm&r=g\",\"url\":\"https:\\\/\\\/secure.gravatar.com\\\/avatar\\\/fa79dbb1d375f9852c532691182385b98661fb27f5f03ec8241130ba23266757?s=96&d=mm&r=g\",\"contentUrl\":\"https:\\\/\\\/secure.gravatar.com\\\/avatar\\\/fa79dbb1d375f9852c532691182385b98661fb27f5f03ec8241130ba23266757?s=96&d=mm&r=g\",\"caption\":\"Administrador Web\"}}]}<\/script>\n<!-- \/ Yoast SEO plugin. -->","yoast_head_json":{"title":"Somos futuro, arrancamos motores - Colegio Salesianos Sant\u00edsima Trinidad","robots":{"index":"index","follow":"follow","max-snippet":"max-snippet:-1","max-image-preview":"max-image-preview:large","max-video-preview":"max-video-preview:-1"},"canonical":"https:\/\/trinidad.salesianos.edu\/colegio\/blog\/2024\/09\/09\/somos-futuro-arrancamos-motores\/","og_locale":"es_ES","og_type":"article","og_title":"Somos futuro, arrancamos motores - Colegio Salesianos Sant\u00edsima Trinidad","og_description":"El mes de septiembre marca un momento especial en la Casa Salesiana de la Trinidad, una instituci\u00f3n que, desde su fundaci\u00f3n en 1893, ha sido un faro de educaci\u00f3n y valores para generaciones de j\u00f3venes en Sevilla. El curso escolar 2024-2025 no es la excepci\u00f3n y con la llegada de este nuevo ciclo, el claustro [&hellip;]","og_url":"https:\/\/trinidad.salesianos.edu\/colegio\/blog\/2024\/09\/09\/somos-futuro-arrancamos-motores\/","og_site_name":"Colegio Salesianos Sant\u00edsima Trinidad","article_published_time":"2024-09-09T09:08:27+00:00","og_image":[{"width":1600,"height":883,"url":"https:\/\/trinidad.salesianos.edu\/colegio\/wp-content\/uploads\/sites\/11\/2024\/09\/Clasutro-2024-2025.jpeg","type":"image\/jpeg"}],"author":"Administrador Web","twitter_card":"summary_large_image","twitter_misc":{"Escrito por":"Administrador Web","Tiempo de lectura":"2 minutos"},"schema":{"@context":"https:\/\/schema.org","@graph":[{"@type":"Article","@id":"https:\/\/trinidad.salesianos.edu\/colegio\/blog\/2024\/09\/09\/somos-futuro-arrancamos-motores\/#article","isPartOf":{"@id":"https:\/\/trinidad.salesianos.edu\/colegio\/blog\/2024\/09\/09\/somos-futuro-arrancamos-motores\/"},"author":{"name":"Administrador Web","@id":"https:\/\/trinidad.salesianos.edu\/colegio\/#\/schema\/person\/2004525a9ab42038c402f55157ca237b"},"headline":"Somos futuro, arrancamos motores","datePublished":"2024-09-09T09:08:27+00:00","mainEntityOfPage":{"@id":"https:\/\/trinidad.salesianos.edu\/colegio\/blog\/2024\/09\/09\/somos-futuro-arrancamos-motores\/"},"wordCount":469,"commentCount":0,"image":{"@id":"https:\/\/trinidad.salesianos.edu\/colegio\/blog\/2024\/09\/09\/somos-futuro-arrancamos-motores\/#primaryimage"},"thumbnailUrl":"https:\/\/trinidad.salesianos.edu\/colegio\/wp-content\/uploads\/sites\/11\/2024\/09\/Clasutro-2024-2025.jpeg","articleSection":["Colegio","General"],"inLanguage":"es","potentialAction":[{"@type":"CommentAction","name":"Comment","target":["https:\/\/trinidad.salesianos.edu\/colegio\/blog\/2024\/09\/09\/somos-futuro-arrancamos-motores\/#respond"]}]},{"@type":"WebPage","@id":"https:\/\/trinidad.salesianos.edu\/colegio\/blog\/2024\/09\/09\/somos-futuro-arrancamos-motores\/","url":"https:\/\/trinidad.salesianos.edu\/colegio\/blog\/2024\/09\/09\/somos-futuro-arrancamos-motores\/","name":"Somos futuro, arrancamos motores - Colegio Salesianos Sant\u00edsima Trinidad","isPartOf":{"@id":"https:\/\/trinidad.salesianos.edu\/colegio\/#website"},"primaryImageOfPage":{"@id":"https:\/\/trinidad.salesianos.edu\/colegio\/blog\/2024\/09\/09\/somos-futuro-arrancamos-motores\/#primaryimage"},"image":{"@id":"https:\/\/trinidad.salesianos.edu\/colegio\/blog\/2024\/09\/09\/somos-futuro-arrancamos-motores\/#primaryimage"},"thumbnailUrl":"https:\/\/trinidad.salesianos.edu\/colegio\/wp-content\/uploads\/sites\/11\/2024\/09\/Clasutro-2024-2025.jpeg","datePublished":"2024-09-09T09:08:27+00:00","author":{"@id":"https:\/\/trinidad.salesianos.edu\/colegio\/#\/schema\/person\/2004525a9ab42038c402f55157ca237b"},"breadcrumb":{"@id":"https:\/\/trinidad.salesianos.edu\/colegio\/blog\/2024\/09\/09\/somos-futuro-arrancamos-motores\/#breadcrumb"},"inLanguage":"es","potentialAction":[{"@type":"ReadAction","target":["https:\/\/trinidad.salesianos.edu\/colegio\/blog\/2024\/09\/09\/somos-futuro-arrancamos-motores\/"]}]},{"@type":"ImageObject","inLanguage":"es","@id":"https:\/\/trinidad.salesianos.edu\/colegio\/blog\/2024\/09\/09\/somos-futuro-arrancamos-motores\/#primaryimage","url":"https:\/\/trinidad.salesianos.edu\/colegio\/wp-content\/uploads\/sites\/11\/2024\/09\/Clasutro-2024-2025.jpeg","contentUrl":"https:\/\/trinidad.salesianos.edu\/colegio\/wp-content\/uploads\/sites\/11\/2024\/09\/Clasutro-2024-2025.jpeg","width":1600,"height":883},{"@type":"BreadcrumbList","@id":"https:\/\/trinidad.salesianos.edu\/colegio\/blog\/2024\/09\/09\/somos-futuro-arrancamos-motores\/#breadcrumb","itemListElement":[{"@type":"ListItem","position":1,"name":"Portada","item":"https:\/\/trinidad.salesianos.edu\/colegio\/"},{"@type":"ListItem","position":2,"name":"Somos futuro, arrancamos motores"}]},{"@type":"WebSite","@id":"https:\/\/trinidad.salesianos.edu\/colegio\/#website","url":"https:\/\/trinidad.salesianos.edu\/colegio\/","name":"Colegio Salesianos Sant\u00edsima Trinidad","description":"P\u00e1gina oficial Salesianos Trinidad","potentialAction":[{"@type":"SearchAction","target":{"@type":"EntryPoint","urlTemplate":"https:\/\/trinidad.salesianos.edu\/colegio\/?s={search_term_string}"},"query-input":{"@type":"PropertyValueSpecification","valueRequired":true,"valueName":"search_term_string"}}],"inLanguage":"es"},{"@type":"Person","@id":"https:\/\/trinidad.salesianos.edu\/colegio\/#\/schema\/person\/2004525a9ab42038c402f55157ca237b","name":"Administrador Web","image":{"@type":"ImageObject","inLanguage":"es","@id":"https:\/\/secure.gravatar.com\/avatar\/fa79dbb1d375f9852c532691182385b98661fb27f5f03ec8241130ba23266757?s=96&d=mm&r=g","url":"https:\/\/secure.gravatar.com\/avatar\/fa79dbb1d375f9852c532691182385b98661fb27f5f03ec8241130ba23266757?s=96&d=mm&r=g","contentUrl":"https:\/\/secure.gravatar.com\/avatar\/fa79dbb1d375f9852c532691182385b98661fb27f5f03ec8241130ba23266757?s=96&d=mm&r=g","caption":"Administrador Web"}}]}},"views":198,"_links":{"self":[{"href":"https:\/\/trinidad.salesianos.edu\/colegio\/wp-json\/wp\/v2\/posts\/17035","targetHints":{"allow":["GET"]}}],"collection":[{"href":"https:\/\/trinidad.salesianos.edu\/colegio\/wp-json\/wp\/v2\/posts"}],"about":[{"href":"https:\/\/trinidad.salesianos.edu\/colegio\/wp-json\/wp\/v2\/types\/post"}],"author":[{"embeddable":true,"href":"https:\/\/trinidad.salesianos.edu\/colegio\/wp-json\/wp\/v2\/users\/3"}],"replies":[{"embeddable":true,"href":"https:\/\/trinidad.salesianos.edu\/colegio\/wp-json\/wp\/v2\/comments?post=17035"}],"version-history":[{"count":0,"href":"https:\/\/trinidad.salesianos.edu\/colegio\/wp-json\/wp\/v2\/posts\/17035\/revisions"}],"wp:featuredmedia":[{"embeddable":true,"href":"https:\/\/trinidad.salesianos.edu\/colegio\/wp-json\/wp\/v2\/media\/17036"}],"wp:attachment":[{"href":"https:\/\/trinidad.salesianos.edu\/colegio\/wp-json\/wp\/v2\/media?parent=17035"}],"wp:term":[{"taxonomy":"category","embeddable":true,"href":"https:\/\/trinidad.salesianos.edu\/colegio\/wp-json\/wp\/v2\/categories?post=17035"},{"taxonomy":"post_tag","embeddable":true,"href":"https:\/\/trinidad.salesianos.edu\/colegio\/wp-json\/wp\/v2\/tags?post=17035"}],"curies":[{"name":"wp","href":"https:\/\/api.w.org\/{rel}","templated":true}]}}