
{"id":10405,"date":"2026-09-04T23:17:37","date_gmt":"2026-09-04T21:17:37","guid":{"rendered":"https:\/\/trinidad.salesianos.edu\/clubdeportivo\/?p=10405"},"modified":"2026-09-04T23:21:09","modified_gmt":"2026-09-04T21:21:09","slug":"comunicado-informacion-inicio-temporada-2026-2027-cd-salesianos-trinidad-sevilla","status":"publish","type":"post","link":"https:\/\/trinidad.salesianos.edu\/clubdeportivo\/blog\/2026\/09\/04\/comunicado-informacion-inicio-temporada-2026-2027-cd-salesianos-trinidad-sevilla\/","title":{"rendered":"Comunicado Informaci\u00f3n Inicio Temporada 2026\/2027 CD. Salesianos Trinidad (Sevilla)"},"content":{"rendered":"<p>[et_pb_section fb_built=\u00bb1&#8243; _builder_version=\u00bb4.16&#8243; global_colors_info=\u00bb{}\u00bb theme_builder_area=\u00bbpost_content\u00bb][et_pb_row _builder_version=\u00bb4.16&#8243; background_size=\u00bbinitial\u00bb background_position=\u00bbtop_left\u00bb background_repeat=\u00bbrepeat\u00bb global_colors_info=\u00bb{}\u00bb theme_builder_area=\u00bbpost_content\u00bb][et_pb_column type=\u00bb4_4&#8243; _builder_version=\u00bb4.16&#8243; custom_padding=\u00bb|||\u00bb global_colors_info=\u00bb{}\u00bb custom_padding__hover=\u00bb|||\u00bb theme_builder_area=\u00bbpost_content\u00bb][et_pb_text _builder_version=\u00bb4.27.7&#8243; background_size=\u00bbinitial\u00bb background_position=\u00bbtop_left\u00bb background_repeat=\u00bbrepeat\u00bb global_colors_info=\u00bb{}\u00bb theme_builder_area=\u00bbpost_content\u00bb]<\/p>\n<p><span style=\"font-weight: 400\">Estimadas familias y miembros del Club Deportivo Salesianos Trinidad,\u00a0<\/span><\/p>\n<p><span style=\"font-weight: 400\">Esperamos que hay\u00e1is disfrutado de un maravilloso verano y pod\u00e1is haber recargado pilas para una nueva temporada deportiva, que seguro vendr\u00e1 cargada de grandes momentos de aprendizaje y diversi\u00f3n a trav\u00e9s del deporte.\u00a0<\/span><\/p>\n<p><span style=\"font-weight: 400\">Os escribimos este comunicado con indicaciones importantes de cara al inicio y desarrollo de la misma:\u00a0<\/span><\/p>\n<ul>\n<li><span style=\"font-weight: 400\"> La actividad del CD. Salesianos Trinidad comenzar\u00e1 el <\/span><b>lunes 14 de septiembre<\/b><span style=\"font-weight: 400\"> para los grupos que entrenan lunes y mi\u00e9rcoles, y el <\/span><b>martes 15<\/b><span style=\"font-weight: 400\"> para los grupos que entrenan martes y jueves, en los horarios que se hayan inscrito al realizar la matr\u00edcula. Recordamos que, los horarios podr\u00edan sufrir alguna modificaci\u00f3n seg\u00fan necesidades de organizaci\u00f3n. En categor\u00edas superiores algunos de sus grupos federados empezar\u00e1n a inicios de septiembre, se informar\u00e1 en redes sociales y a trav\u00e9s de los distintos entrenadores.\u00a0<\/span><\/li>\n<\/ul>\n<ul>\n<li><b>La oficina del club estar\u00e1 abierta y atendiendo al p\u00fablico a partir del d\u00eda 1 de septiembre de 17:00h a 20:00 h, de lunes a jueves.\u00a0<\/b><\/li>\n<\/ul>\n<ul>\n<li><span style=\"font-weight: 400\"> A partir del lunes 15 ya tendremos nuestro horario normal de oficina, para toda la temporada, que ser\u00e1n los lunes, mi\u00e9rcoles y jueves de 17:00h a 20:00h. Adem\u00e1s tienen el email del club, d\u00f3nde se responder\u00e1 en la mayor brevedad posible: <\/span><a href=\"mailto:clubdeportivo@trinidad.salesianos.edu\"><span style=\"font-weight: 400\">clubdeportivo@trinidad.salesianos.edu<\/span><\/a><\/li>\n<\/ul>\n<ul>\n<li><span style=\"font-weight: 400\"> FECHAS IMPORTANTES: a continuaci\u00f3n, se detallan fechas importantes a tener en cuenta durante la temporada , aunque luego se vayan anunciando alguna m\u00e1s\u00a0 (como por ejemplo el encuentro deportivo con otros clubes deportivos salesianos de Andaluc\u00eda) y los festivos que tengan incidencia en los entrenamientos del club:\u00a0<\/span><\/li>\n<\/ul>\n<p><b style=\"font-size: 16px;text-align: justify\">Inicio de temporada: 14 de septiembre, final de temporada 10 de junio (d\u00eda de la gala de clausura) .\u00a0<\/b><\/p>\n<ul>\n<li><b>Inicio del curso pastoral de la Casa, 24 de septiembre. (Bas\u00edlica Mar\u00eda Auxiliadora a las 20:00).\u00a0<\/b><\/li>\n<\/ul>\n<ul>\n<li><b>Torneo inicio de temporada (III TROFEO PACO RUIZ): 3 de octubre.\u00a0<\/b><\/li>\n<\/ul>\n<ol>\n<li style=\"font-weight: 400\"><span style=\"font-weight: 400\">\u00daltimo d\u00eda de entrenamientos antes de Navidad: 22 de diciembre, primer d\u00eda de entrenamientos tras las Navidades ser\u00e1 el 11 de enero.\u00a0<\/span><\/li>\n<li style=\"font-weight: 400\"><span style=\"font-weight: 400\">Torneo Don Bosco junto al Centro Juvenil: 30 de enero. <\/span>\u00a0<\/li>\n<\/ol>\n<p><b>Adem\u00e1s de estas fechas, os iremos informando de distintas actividades de la casa, aprovechamos para compartir el lema de este curso:\u00a0 \u201cEsta es tu casa\u201d, una casa abierta para crecer, creer y compartir. Por lo tanto, m\u00e1s que nunca, os invitamos a compartir los distintos momentos de familia con todos los grupos de la casa en este nuevo curso\/ temporada.\u00a0<\/b><\/p>\n<ul>\n<li style=\"font-weight: 400\"><span style=\"font-weight: 400\">Como sab\u00e9is estamos con la mejora en el espacio deportivo del pabell\u00f3n, y no se podr\u00e1 utilizar hasta despu\u00e9s de Navidades. Por ello hemos reajustado varios espacios de entrenamiento de baloncesto y voleibol y la actividad de gimnasia acrob\u00e1tica (lunes y mi\u00e9rcoles de 16:00 a 17:00)\u00a0 seguir\u00e1 de forma provisional en la sala del CJ de la planta baja (donde se hizo al final de la pasada temporada), al igual que el grupo de baile moderno (lunes y mi\u00e9rcoles de 17:00 a 18.00), con el que arrancaremos esta nueva actividad (se mantendr\u00e1 un par de meses para ver si se van inscribiendo m\u00e1s gente, de lo contrario se cancelar\u00e1 dicha actividad).\u00a0<\/span><\/li>\n<\/ul>\n<ul>\n<li style=\"font-weight: 400\"><span style=\"font-weight: 400\">Tambi\u00e9n os informamos de las mejoras que cada verano se realizan en las instalaciones. Se han pintado todas las pistas (f\u00fatbol sala, baloncesto y voleibol), siendo un gran esfuerzo el que se realiza cada temporada en este apartado, sustituci\u00f3n de redes antiguas de las porter\u00edas y canastas por nuevas, y compra de materiales para los entrenamientos (sobre todo balones de las distintas modalidades deportivas). Adem\u00e1s se ha habilitado un nuevo cuarto de materiales para el club deportivo a pie de pista (al lado de las pistas de baloncesto) y un servicio masculino justo al lado del mismo para uso de los jugadores y\/o acompa\u00f1antes.\u00a0\u00a0<\/span><\/li>\n<\/ul>\n<ul>\n<li><span style=\"font-weight: 400\"> Recordamos que la v\u00eda principal de informaci\u00f3n ser\u00e1 nuestra p\u00e1gina web, donde en el apartado de noticias subiremos todos los aspectos importantes de funcionamiento de las distintas actividades: <\/span><a href=\"https:\/\/trinidad.salesianos.edu\/clubdeportivo\/\"><span style=\"font-weight: 400\">https:\/\/trinidad.salesianos.edu\/clubdeportivo\/<\/span><\/a><span style=\"font-weight: 400\"> y a su vez nos pod\u00e9is seguir por redes sociales para estar informados al instante de los distintos acontecimientos que se vayan sucediendo en nuestro d\u00eda a d\u00eda: @cdsalestrinidad en Instagram y @SalesTrinidad en Twitter.\u00a0<\/span><\/li>\n<\/ul>\n<ul>\n<li><span style=\"font-weight: 400\"> En\u00a0 el apartado de noticias ten\u00e9is informaci\u00f3n relativa a la compra de las equipaciones deportivas de las modalidades de f\u00fatbol sala, baloncesto y voleibol para las competiciones de esta temporada. Los primeros d\u00edas repartiremos (a trav\u00e9s de sus entrenadores) dos camisetas de entrenamiento, las cuales ser\u00e1n de uso obligatorio durante los entrenamientos.<\/span><\/li>\n<\/ul>\n<ul>\n<li><span style=\"font-weight: 400\"> De cara a esta pr\u00f3xima temporada renovamos el patrocinio con CL\u00cdNICA DENTAL UGARTE. Su ayuda es fundamental tanto para el buen funcionamiento del club as\u00ed como para poder afrontar las distintas competiciones en las que participan nuestros deportistas. Agradecemos p\u00fablicamente su predisposici\u00f3n y su ayuda. Si alguno m\u00e1s est\u00e1 interesado en colaborar mediante la f\u00f3rmula del patrocinio en algunas de las modalidades que podemos ofrecer solo tiene que ponerse en contacto con nosotros a trav\u00e9s del email o en nuestra oficina del club.\u00a0<\/span><\/li>\n<\/ul>\n<ul>\n<li><span style=\"font-weight: 400\"> Tema de pago de las cuotas: como ya sab\u00e9is tenemos una plataforma de gesti\u00f3n de socios: INCRONO. Por ahora solo se realiz\u00f3 el cobro de la matr\u00edcula, ya trav\u00e9s de esa misma plataforma se realizar\u00e1n los cobros de las tres cuotas anuales (meses de octubre, enero y abril) en las que se dividen los 250 euros de la cuota anual (m\u00e1s los gastos de gesti\u00f3n de la plataforma (8,76 euros). Para cualquier incidencia ten\u00e9is a vuestra disposici\u00f3n su email: <\/span><a href=\"mailto:info@incrono.com\"><span style=\"font-weight: 400\">info@incrono.com<\/span><\/a><span style=\"font-weight: 400\"> y un tel\u00e9fono de contacto: 611565722.<\/span><b> Es muy importante que cada inscrito tenga su perfil actualizado (incluido tel\u00e9fono y email), con su tarjeta de pago actualizada, para no tener errores de pago. No haber abonado un trimestre ser\u00e1 causa de no poder seguir en la actividad en el club.\u00a0<\/b><\/li>\n<\/ul>\n<ul>\n<li><span style=\"font-weight: 400\"> Os informamos que siguiendo las instrucciones de la Junta de Andaluc\u00eda estamos inscritos en el programa de \u201cProtocolo Marco de Actuaci\u00f3n para la Protecci\u00f3n de los Menores frente a la Violencia en el Deporte\u201d, teniendo a nuestro coordinador como delegado en la protecci\u00f3n de los menores y todos nuestros entrenadores han realizado la formaci\u00f3n correspondiente, como marcan las instrucciones de la Junta de Andaluc\u00eda.\u00a0<\/span><\/li>\n<\/ul>\n<p><span style=\"font-weight: 400\">Sin m\u00e1s, nos ten\u00e9is a vuestra disposici\u00f3n para cualquier aspecto y os agradecemos la confianza depositada en nuestro club deportivo como lugar de educaci\u00f3n deportiva y en valores para vuestros hijos\/as.\u00a0<\/span><\/p>\n<p style=\"text-align: right\"><span style=\"font-weight: 400\">\u00a0<\/span><span style=\"font-weight: 400\">Diego P\u00e9rez Ord\u00f3\u00f1ez.\u00a0<\/span><\/p>\n<p style=\"text-align: right\"><span style=\"font-weight: 400\">Coordinador Club Deportivo Salesianos Trinidad.<\/span><\/p>\n<p>[\/et_pb_text][\/et_pb_column][\/et_pb_row][\/et_pb_section]<\/p>\n","protected":false},"excerpt":{"rendered":"<p>Estimadas familias y miembros del Club Deportivo Salesianos Trinidad,\u00a0 Esperamos que hay\u00e1is disfrutado de un maravilloso verano y pod\u00e1is haber recargado pilas para una nueva temporada deportiva, que seguro vendr\u00e1 cargada de grandes momentos de aprendizaje y diversi\u00f3n a trav\u00e9s del deporte.\u00a0 Os escribimos este comunicado con indicaciones importantes de cara al inicio y desarrollo [&hellip;]<\/p>\n","protected":false},"author":11,"featured_media":10408,"comment_status":"open","ping_status":"open","sticky":false,"template":"","format":"standard","meta":{"_et_pb_use_builder":"on","_et_pb_old_content":"<p><span style=\"font-weight: 400;\">Estimadas familias y miembros del Club Deportivo Salesianos Trinidad,\u00a0<\/span><\/p><p>\u00a0<\/p><p><span style=\"font-weight: 400;\">Esperamos que hay\u00e1is disfrutado de un maravilloso verano y pod\u00e1is haber recargado pilas para una nueva temporada deportiva, que seguro vendr\u00e1 cargada de grandes momentos de aprendizaje y diversi\u00f3n a trav\u00e9s del deporte.\u00a0<\/span><\/p><p>\u00a0<\/p><p><span style=\"font-weight: 400;\">Os escribimos este comunicado con indicaciones importantes de cara al inicio y desarrollo de la misma:\u00a0<\/span><\/p><p>\u00a0<\/p><ul><li><span style=\"font-weight: 400;\"> La actividad del CD. Salesianos Trinidad comenzar\u00e1 el <\/span><b>lunes 14 de septiembre<\/b><span style=\"font-weight: 400;\"> para los grupos que entrenan lunes y mi\u00e9rcoles, y el <\/span><b>martes 15<\/b><span style=\"font-weight: 400;\"> para los grupos que entrenan martes y jueves, en los horarios que se hayan inscrito al realizar la matr\u00edcula. Recordamos que, los horarios podr\u00edan sufrir alguna modificaci\u00f3n seg\u00fan necesidades de organizaci\u00f3n. En categor\u00edas superiores algunos de sus grupos federados empezar\u00e1n a inicios de septiembre, se informar\u00e1 en redes sociales y a trav\u00e9s de los distintos entrenadores.\u00a0<\/span><\/li><\/ul><p>\u00a0<\/p><ul><li><b>La oficina del club estar\u00e1 abierta y atendiendo al p\u00fablico a partir del d\u00eda 1 de septiembre de 17:00h a 20:00 h, de lunes a jueves.\u00a0<\/b><\/li><\/ul><p>\u00a0<\/p><ul><li><span style=\"font-weight: 400;\"> A partir del lunes 15 ya tendremos nuestro horario normal de oficina, para toda la temporada, que ser\u00e1n los lunes, mi\u00e9rcoles y jueves de 17:00h a 20:00h. Adem\u00e1s tienen el email del club, d\u00f3nde se responder\u00e1 en la mayor brevedad posible: <\/span><a href=\"mailto:clubdeportivo@trinidad.salesianos.edu\"><span style=\"font-weight: 400;\">clubdeportivo@trinidad.salesianos.edu<\/span><\/a><\/li><\/ul><p>\u00a0<\/p><ul><li><span style=\"font-weight: 400;\"> FECHAS IMPORTANTES: a continuaci\u00f3n, se detallan fechas importantes a tener en cuenta durante la temporada , aunque luego se vayan anunciando alguna m\u00e1s\u00a0 (como por ejemplo el encuentro deportivo con otros clubes deportivos salesianos de Andaluc\u00eda) y los festivos que tengan incidencia en los entrenamientos del club:\u00a0<\/span><\/li><\/ul><p><b>\u00a0<\/b><\/p><ul><li aria-level=\"1\"><b>Inicio de temporada: 14 de septiembre, final de temporada 10 de junio (d\u00eda de la gala de clausura) .\u00a0<\/b><\/li><\/ul><ul><li aria-level=\"1\"><b>Inicio del curso pastoral de la Casa, 24 de septiembre. (Bas\u00edlica Mar\u00eda Auxiliadora a las 20:00).\u00a0<\/b><\/li><\/ul><ul><li aria-level=\"1\"><b>Torneo inicio de temporada (III TROFEO PACO RUIZ): 3 de octubre.\u00a0<\/b><\/li><\/ul><ol><li style=\"font-weight: 400;\" aria-level=\"1\"><span style=\"font-weight: 400;\">\u00daltimo d\u00eda de entrenamientos antes de Navidad: 22 de diciembre, primer d\u00eda de entrenamientos tras las Navidades ser\u00e1 el 11 de enero.\u00a0<\/span><\/li><li style=\"font-weight: 400;\" aria-level=\"1\"><span style=\"font-weight: 400;\">Torneo Don Bosco junto al Centro Juvenil: 30 de enero.\u00a0<\/span><\/li><\/ol><p>\u00a0<\/p><p><b>Adem\u00e1s de estas fechas, os iremos informando de distintas actividades de la casa, aprovechamos para compartir el lema de este curso:\u00a0 \u201cEsta es tu casa\u201d, una casa abierta para crecer, creer y compartir. Por lo tanto, m\u00e1s que nunca, os invitamos a compartir los distintos momentos de familia con todos los grupos de la casa en este nuevo curso\/ temporada.\u00a0<\/b><\/p><p><br \/><br \/><br \/><br \/><\/p><ul><li style=\"font-weight: 400;\" aria-level=\"1\"><span style=\"font-weight: 400;\">Como sab\u00e9is estamos con la mejora en el espacio deportivo del pabell\u00f3n, y no se podr\u00e1 utilizar hasta despu\u00e9s de Navidades. Por ello hemos reajustado varios espacios de entrenamiento de baloncesto y voleibol y la actividad de gimnasia acrob\u00e1tica (lunes y mi\u00e9rcoles de 16:00 a 17:00)\u00a0 seguir\u00e1 de forma provisional en la sala del CJ de la planta baja (donde se hizo al final de la pasada temporada), al igual que el grupo de baile moderno (lunes y mi\u00e9rcoles de 17:00 a 18.00), con el que arrancaremos esta nueva actividad (se mantendr\u00e1 un par de meses para ver si se van inscribiendo m\u00e1s gente, de lo contrario se cancelar\u00e1 dicha actividad).\u00a0<\/span><\/li><\/ul><p>\u00a0<\/p><ul><li style=\"font-weight: 400;\" aria-level=\"1\"><span style=\"font-weight: 400;\">Tambi\u00e9n os informamos de las mejoras que cada verano se realizan en las instalaciones. Se han pintado todas las pistas (f\u00fatbol sala, baloncesto y voleibol), siendo un gran esfuerzo el que se realiza cada temporada en este apartado, sustituci\u00f3n de redes antiguas de las porter\u00edas y canastas por nuevas, y compra de materiales para los entrenamientos (sobre todo balones de las distintas modalidades deportivas). Adem\u00e1s se ha habilitado un nuevo cuarto de materiales para el club deportivo a pie de pista (al lado de las pistas de baloncesto) y un servicio masculino justo al lado del mismo para uso de los jugadores y\/o acompa\u00f1antes.\u00a0\u00a0<\/span><\/li><\/ul><p>\u00a0<\/p><ul><li><span style=\"font-weight: 400;\"> Recordamos que la v\u00eda principal de informaci\u00f3n ser\u00e1 nuestra p\u00e1gina web, donde en el apartado de noticias subiremos todos los aspectos importantes de funcionamiento de las distintas actividades: <\/span><a href=\"https:\/\/trinidad.salesianos.edu\/clubdeportivo\/\"><span style=\"font-weight: 400;\">https:\/\/trinidad.salesianos.edu\/clubdeportivo\/<\/span><\/a><span style=\"font-weight: 400;\"> y a su vez nos pod\u00e9is seguir por redes sociales para estar informados al instante de los distintos acontecimientos que se vayan sucediendo en nuestro d\u00eda a d\u00eda: @cdsalestrinidad en Instagram y @SalesTrinidad en Twitter.\u00a0<\/span><\/li><\/ul><p>\u00a0<\/p><ul><li><span style=\"font-weight: 400;\"> En\u00a0 el apartado de noticias ten\u00e9is informaci\u00f3n relativa a la compra de las equipaciones deportivas de las modalidades de f\u00fatbol sala, baloncesto y voleibol para las competiciones de esta temporada. Los primeros d\u00edas repartiremos (a trav\u00e9s de sus entrenadores) dos camisetas de entrenamiento, las cuales ser\u00e1n de uso obligatorio durante los entrenamientos.<\/span><\/li><\/ul><p>\u00a0<\/p><ul><li><span style=\"font-weight: 400;\"> De cara a esta pr\u00f3xima temporada renovamos el patrocinio con CL\u00cdNICA DENTAL UGARTE. Su ayuda es fundamental tanto para el buen funcionamiento del club as\u00ed como para poder afrontar las distintas competiciones en las que participan nuestros deportistas. Agradecemos p\u00fablicamente su predisposici\u00f3n y su ayuda. Si alguno m\u00e1s est\u00e1 interesado en colaborar mediante la f\u00f3rmula del patrocinio en algunas de las modalidades que podemos ofrecer solo tiene que ponerse en contacto con nosotros a trav\u00e9s del email o en nuestra oficina del club.\u00a0<\/span><\/li><\/ul><p>\u00a0<\/p><ul><li><span style=\"font-weight: 400;\"> Tema de pago de las cuotas: como ya sab\u00e9is tenemos una plataforma de gesti\u00f3n de socios: INCRONO. Por ahora solo se realiz\u00f3 el cobro de la matr\u00edcula, ya trav\u00e9s de esa misma plataforma se realizar\u00e1n los cobros de las tres cuotas anuales (meses de octubre, enero y abril) en las que se dividen los 250 euros de la cuota anual (m\u00e1s los gastos de gesti\u00f3n de la plataforma (8,76 euros). Para cualquier incidencia ten\u00e9is a vuestra disposici\u00f3n su email: <\/span><a href=\"mailto:info@incrono.com\"><span style=\"font-weight: 400;\">info@incrono.com<\/span><\/a><span style=\"font-weight: 400;\"> y un tel\u00e9fono de contacto: 611565722.<\/span><b> Es muy importante que cada inscrito tenga su perfil actualizado (incluido tel\u00e9fono y email), con su tarjeta de pago actualizada, para no tener errores de pago. No haber abonado un trimestre ser\u00e1 causa de no poder seguir en la actividad en el club.\u00a0<\/b><\/li><\/ul><p><br \/><br \/><\/p><ul><li><span style=\"font-weight: 400;\"> Os informamos que siguiendo las instrucciones de la Junta de Andaluc\u00eda estamos inscritos en el programa de \u201cProtocolo Marco de Actuaci\u00f3n para la Protecci\u00f3n de los Menores frente a la Violencia en el Deporte\u201d, teniendo a nuestro coordinador como delegado en la protecci\u00f3n de los menores y todos nuestros entrenadores han realizado la formaci\u00f3n correspondiente, como marcan las instrucciones de la Junta de Andaluc\u00eda.\u00a0<\/span><\/li><\/ul><p><br \/><br \/><\/p><p><span style=\"font-weight: 400;\">Sin m\u00e1s, nos ten\u00e9is a vuestra disposici\u00f3n para cualquier aspecto y os agradecemos la confianza depositada en nuestro club deportivo como lugar de educaci\u00f3n deportiva y en valores para vuestros hijos\/as.\u00a0<\/span><\/p><p>\u00a0<\/p><p><span style=\"font-weight: 400;\">\u00a0\u00a0\u00a0\u00a0\u00a0\u00a0\u00a0\u00a0<\/span><\/p><p><span style=\"font-weight: 400;\">\u00a0\u00a0\u00a0\u00a0\u00a0\u00a0\u00a0\u00a0\u00a0\u00a0\u00a0\u00a0\u00a0\u00a0\u00a0\u00a0\u00a0\u00a0\u00a0\u00a0\u00a0\u00a0\u00a0\u00a0\u00a0\u00a0\u00a0\u00a0\u00a0\u00a0\u00a0\u00a0\u00a0\u00a0\u00a0\u00a0\u00a0\u00a0\u00a0\u00a0Diego P\u00e9rez Ord\u00f3\u00f1ez.\u00a0<\/span><\/p><p><span style=\"font-weight: 400;\">\u00a0\u00a0\u00a0\u00a0\u00a0\u00a0\u00a0\u00a0\u00a0\u00a0\u00a0\u00a0\u00a0Coordinador Club Deportivo Salesianos Trinidad.<\/span><\/p>","_et_gb_content_width":"","footnotes":""},"categories":[1],"tags":[],"class_list":["post-10405","post","type-post","status-publish","format-standard","has-post-thumbnail","hentry","category-uncategorized"],"yoast_head":"<!-- This site is optimized with the Yoast SEO plugin v28.4 - https:\/\/yoast.com\/product\/yoast-seo-wordpress\/ -->\n<title>Comunicado Informaci\u00f3n Inicio Temporada 2026\/2027 CD. Salesianos Trinidad (Sevilla) - Club Deportivo Salesianos Trinidad<\/title>\n<meta name=\"robots\" content=\"index, follow, max-snippet:-1, max-image-preview:large, max-video-preview:-1\" \/>\n<link rel=\"canonical\" href=\"https:\/\/trinidad.salesianos.edu\/clubdeportivo\/blog\/2026\/09\/04\/comunicado-informacion-inicio-temporada-2026-2027-cd-salesianos-trinidad-sevilla\/\" \/>\n<meta property=\"og:locale\" content=\"es_ES\" \/>\n<meta property=\"og:type\" content=\"article\" \/>\n<meta property=\"og:title\" content=\"Comunicado Informaci\u00f3n Inicio Temporada 2026\/2027 CD. Salesianos Trinidad (Sevilla) - Club Deportivo Salesianos Trinidad\" \/>\n<meta property=\"og:description\" content=\"Estimadas familias y miembros del Club Deportivo Salesianos Trinidad,\u00a0 Esperamos que hay\u00e1is disfrutado de un maravilloso verano y pod\u00e1is haber recargado pilas para una nueva temporada deportiva, que seguro vendr\u00e1 cargada de grandes momentos de aprendizaje y diversi\u00f3n a trav\u00e9s del deporte.\u00a0 Os escribimos este comunicado con indicaciones importantes de cara al inicio y desarrollo [&hellip;]\" \/>\n<meta property=\"og:url\" content=\"https:\/\/trinidad.salesianos.edu\/clubdeportivo\/blog\/2026\/09\/04\/comunicado-informacion-inicio-temporada-2026-2027-cd-salesianos-trinidad-sevilla\/\" \/>\n<meta property=\"og:site_name\" content=\"Club Deportivo Salesianos Trinidad\" \/>\n<meta property=\"article:published_time\" content=\"2026-09-04T21:17:37+00:00\" \/>\n<meta property=\"article:modified_time\" content=\"2026-09-04T21:21:09+00:00\" \/>\n<meta property=\"og:image\" content=\"https:\/\/trinidad.salesianos.edu\/clubdeportivo\/wp-content\/uploads\/sites\/13\/2026\/09\/Captura-de-pantalla-2026-09-04-a-las-23.13.42-1024x641.png\" \/>\n\t<meta property=\"og:image:width\" content=\"1024\" \/>\n\t<meta property=\"og:image:height\" content=\"641\" \/>\n\t<meta property=\"og:image:type\" content=\"image\/png\" \/>\n<meta name=\"author\" content=\"clubdeportivo\" \/>\n<meta name=\"twitter:card\" content=\"summary_large_image\" \/>\n<meta name=\"twitter:label1\" content=\"Escrito por\" \/>\n\t<meta name=\"twitter:data1\" content=\"clubdeportivo\" \/>\n\t<meta name=\"twitter:label2\" content=\"Tiempo de lectura\" \/>\n\t<meta name=\"twitter:data2\" content=\"5 minutos\" \/>\n<script type=\"application\/ld+json\" class=\"yoast-schema-graph\">{\"@context\":\"https:\\\/\\\/schema.org\",\"@graph\":[{\"@type\":\"Article\",\"@id\":\"https:\\\/\\\/trinidad.salesianos.edu\\\/clubdeportivo\\\/blog\\\/2026\\\/09\\\/04\\\/comunicado-informacion-inicio-temporada-2026-2027-cd-salesianos-trinidad-sevilla\\\/#article\",\"isPartOf\":{\"@id\":\"https:\\\/\\\/trinidad.salesianos.edu\\\/clubdeportivo\\\/blog\\\/2026\\\/09\\\/04\\\/comunicado-informacion-inicio-temporada-2026-2027-cd-salesianos-trinidad-sevilla\\\/\"},\"author\":{\"name\":\"clubdeportivo\",\"@id\":\"https:\\\/\\\/trinidad.salesianos.edu\\\/clubdeportivo\\\/#\\\/schema\\\/person\\\/7b0443ffb747bf79da9ae0a7903abea4\"},\"headline\":\"Comunicado Informaci\u00f3n Inicio Temporada 2026\\\/2027 CD. Salesianos Trinidad (Sevilla)\",\"datePublished\":\"2026-09-04T21:17:37+00:00\",\"dateModified\":\"2026-09-04T21:21:09+00:00\",\"mainEntityOfPage\":{\"@id\":\"https:\\\/\\\/trinidad.salesianos.edu\\\/clubdeportivo\\\/blog\\\/2026\\\/09\\\/04\\\/comunicado-informacion-inicio-temporada-2026-2027-cd-salesianos-trinidad-sevilla\\\/\"},\"wordCount\":1211,\"commentCount\":0,\"image\":{\"@id\":\"https:\\\/\\\/trinidad.salesianos.edu\\\/clubdeportivo\\\/blog\\\/2026\\\/09\\\/04\\\/comunicado-informacion-inicio-temporada-2026-2027-cd-salesianos-trinidad-sevilla\\\/#primaryimage\"},\"thumbnailUrl\":\"https:\\\/\\\/trinidad.salesianos.edu\\\/clubdeportivo\\\/wp-content\\\/uploads\\\/sites\\\/13\\\/2026\\\/09\\\/Captura-de-pantalla-2026-09-04-a-las-23.13.42.png\",\"articleSection\":[\"Uncategorized\"],\"inLanguage\":\"es\",\"potentialAction\":[{\"@type\":\"CommentAction\",\"name\":\"Comment\",\"target\":[\"https:\\\/\\\/trinidad.salesianos.edu\\\/clubdeportivo\\\/blog\\\/2026\\\/09\\\/04\\\/comunicado-informacion-inicio-temporada-2026-2027-cd-salesianos-trinidad-sevilla\\\/#respond\"]}]},{\"@type\":\"WebPage\",\"@id\":\"https:\\\/\\\/trinidad.salesianos.edu\\\/clubdeportivo\\\/blog\\\/2026\\\/09\\\/04\\\/comunicado-informacion-inicio-temporada-2026-2027-cd-salesianos-trinidad-sevilla\\\/\",\"url\":\"https:\\\/\\\/trinidad.salesianos.edu\\\/clubdeportivo\\\/blog\\\/2026\\\/09\\\/04\\\/comunicado-informacion-inicio-temporada-2026-2027-cd-salesianos-trinidad-sevilla\\\/\",\"name\":\"Comunicado Informaci\u00f3n Inicio Temporada 2026\\\/2027 CD. Salesianos Trinidad (Sevilla) - Club Deportivo Salesianos Trinidad\",\"isPartOf\":{\"@id\":\"https:\\\/\\\/trinidad.salesianos.edu\\\/clubdeportivo\\\/#website\"},\"primaryImageOfPage\":{\"@id\":\"https:\\\/\\\/trinidad.salesianos.edu\\\/clubdeportivo\\\/blog\\\/2026\\\/09\\\/04\\\/comunicado-informacion-inicio-temporada-2026-2027-cd-salesianos-trinidad-sevilla\\\/#primaryimage\"},\"image\":{\"@id\":\"https:\\\/\\\/trinidad.salesianos.edu\\\/clubdeportivo\\\/blog\\\/2026\\\/09\\\/04\\\/comunicado-informacion-inicio-temporada-2026-2027-cd-salesianos-trinidad-sevilla\\\/#primaryimage\"},\"thumbnailUrl\":\"https:\\\/\\\/trinidad.salesianos.edu\\\/clubdeportivo\\\/wp-content\\\/uploads\\\/sites\\\/13\\\/2026\\\/09\\\/Captura-de-pantalla-2026-09-04-a-las-23.13.42.png\",\"datePublished\":\"2026-09-04T21:17:37+00:00\",\"dateModified\":\"2026-09-04T21:21:09+00:00\",\"author\":{\"@id\":\"https:\\\/\\\/trinidad.salesianos.edu\\\/clubdeportivo\\\/#\\\/schema\\\/person\\\/7b0443ffb747bf79da9ae0a7903abea4\"},\"breadcrumb\":{\"@id\":\"https:\\\/\\\/trinidad.salesianos.edu\\\/clubdeportivo\\\/blog\\\/2026\\\/09\\\/04\\\/comunicado-informacion-inicio-temporada-2026-2027-cd-salesianos-trinidad-sevilla\\\/#breadcrumb\"},\"inLanguage\":\"es\",\"potentialAction\":[{\"@type\":\"ReadAction\",\"target\":[\"https:\\\/\\\/trinidad.salesianos.edu\\\/clubdeportivo\\\/blog\\\/2026\\\/09\\\/04\\\/comunicado-informacion-inicio-temporada-2026-2027-cd-salesianos-trinidad-sevilla\\\/\"]}]},{\"@type\":\"ImageObject\",\"inLanguage\":\"es\",\"@id\":\"https:\\\/\\\/trinidad.salesianos.edu\\\/clubdeportivo\\\/blog\\\/2026\\\/09\\\/04\\\/comunicado-informacion-inicio-temporada-2026-2027-cd-salesianos-trinidad-sevilla\\\/#primaryimage\",\"url\":\"https:\\\/\\\/trinidad.salesianos.edu\\\/clubdeportivo\\\/wp-content\\\/uploads\\\/sites\\\/13\\\/2026\\\/09\\\/Captura-de-pantalla-2026-09-04-a-las-23.13.42.png\",\"contentUrl\":\"https:\\\/\\\/trinidad.salesianos.edu\\\/clubdeportivo\\\/wp-content\\\/uploads\\\/sites\\\/13\\\/2026\\\/09\\\/Captura-de-pantalla-2026-09-04-a-las-23.13.42.png\",\"width\":1760,\"height\":1102},{\"@type\":\"BreadcrumbList\",\"@id\":\"https:\\\/\\\/trinidad.salesianos.edu\\\/clubdeportivo\\\/blog\\\/2026\\\/09\\\/04\\\/comunicado-informacion-inicio-temporada-2026-2027-cd-salesianos-trinidad-sevilla\\\/#breadcrumb\",\"itemListElement\":[{\"@type\":\"ListItem\",\"position\":1,\"name\":\"Portada\",\"item\":\"https:\\\/\\\/trinidad.salesianos.edu\\\/clubdeportivo\\\/\"},{\"@type\":\"ListItem\",\"position\":2,\"name\":\"Comunicado Informaci\u00f3n Inicio Temporada 2026\\\/2027 CD. Salesianos Trinidad (Sevilla)\"}]},{\"@type\":\"WebSite\",\"@id\":\"https:\\\/\\\/trinidad.salesianos.edu\\\/clubdeportivo\\\/#website\",\"url\":\"https:\\\/\\\/trinidad.salesianos.edu\\\/clubdeportivo\\\/\",\"name\":\"Club Deportivo Salesianos Trinidad\",\"description\":\"P\u00e1gina oficial del Club Deportivo Salesianos Trinidad\",\"potentialAction\":[{\"@type\":\"SearchAction\",\"target\":{\"@type\":\"EntryPoint\",\"urlTemplate\":\"https:\\\/\\\/trinidad.salesianos.edu\\\/clubdeportivo\\\/?s={search_term_string}\"},\"query-input\":{\"@type\":\"PropertyValueSpecification\",\"valueRequired\":true,\"valueName\":\"search_term_string\"}}],\"inLanguage\":\"es\"},{\"@type\":\"Person\",\"@id\":\"https:\\\/\\\/trinidad.salesianos.edu\\\/clubdeportivo\\\/#\\\/schema\\\/person\\\/7b0443ffb747bf79da9ae0a7903abea4\",\"name\":\"clubdeportivo\",\"image\":{\"@type\":\"ImageObject\",\"inLanguage\":\"es\",\"@id\":\"https:\\\/\\\/secure.gravatar.com\\\/avatar\\\/17df2a192c96457e134ea2be25701a03eca5d51b701d3b3464d2049431c2ed22?s=96&d=mm&r=g\",\"url\":\"https:\\\/\\\/secure.gravatar.com\\\/avatar\\\/17df2a192c96457e134ea2be25701a03eca5d51b701d3b3464d2049431c2ed22?s=96&d=mm&r=g\",\"contentUrl\":\"https:\\\/\\\/secure.gravatar.com\\\/avatar\\\/17df2a192c96457e134ea2be25701a03eca5d51b701d3b3464d2049431c2ed22?s=96&d=mm&r=g\",\"caption\":\"clubdeportivo\"}}]}<\/script>\n<!-- \/ Yoast SEO plugin. -->","yoast_head_json":{"title":"Comunicado Informaci\u00f3n Inicio Temporada 2026\/2027 CD. Salesianos Trinidad (Sevilla) - Club Deportivo Salesianos Trinidad","robots":{"index":"index","follow":"follow","max-snippet":"max-snippet:-1","max-image-preview":"max-image-preview:large","max-video-preview":"max-video-preview:-1"},"canonical":"https:\/\/trinidad.salesianos.edu\/clubdeportivo\/blog\/2026\/09\/04\/comunicado-informacion-inicio-temporada-2026-2027-cd-salesianos-trinidad-sevilla\/","og_locale":"es_ES","og_type":"article","og_title":"Comunicado Informaci\u00f3n Inicio Temporada 2026\/2027 CD. Salesianos Trinidad (Sevilla) - Club Deportivo Salesianos Trinidad","og_description":"Estimadas familias y miembros del Club Deportivo Salesianos Trinidad,\u00a0 Esperamos que hay\u00e1is disfrutado de un maravilloso verano y pod\u00e1is haber recargado pilas para una nueva temporada deportiva, que seguro vendr\u00e1 cargada de grandes momentos de aprendizaje y diversi\u00f3n a trav\u00e9s del deporte.\u00a0 Os escribimos este comunicado con indicaciones importantes de cara al inicio y desarrollo [&hellip;]","og_url":"https:\/\/trinidad.salesianos.edu\/clubdeportivo\/blog\/2026\/09\/04\/comunicado-informacion-inicio-temporada-2026-2027-cd-salesianos-trinidad-sevilla\/","og_site_name":"Club Deportivo Salesianos Trinidad","article_published_time":"2026-09-04T21:17:37+00:00","article_modified_time":"2026-09-04T21:21:09+00:00","og_image":[{"width":1024,"height":641,"url":"https:\/\/trinidad.salesianos.edu\/clubdeportivo\/wp-content\/uploads\/sites\/13\/2026\/09\/Captura-de-pantalla-2026-09-04-a-las-23.13.42-1024x641.png","type":"image\/png"}],"author":"clubdeportivo","twitter_card":"summary_large_image","twitter_misc":{"Escrito por":"clubdeportivo","Tiempo de lectura":"5 minutos"},"schema":{"@context":"https:\/\/schema.org","@graph":[{"@type":"Article","@id":"https:\/\/trinidad.salesianos.edu\/clubdeportivo\/blog\/2026\/09\/04\/comunicado-informacion-inicio-temporada-2026-2027-cd-salesianos-trinidad-sevilla\/#article","isPartOf":{"@id":"https:\/\/trinidad.salesianos.edu\/clubdeportivo\/blog\/2026\/09\/04\/comunicado-informacion-inicio-temporada-2026-2027-cd-salesianos-trinidad-sevilla\/"},"author":{"name":"clubdeportivo","@id":"https:\/\/trinidad.salesianos.edu\/clubdeportivo\/#\/schema\/person\/7b0443ffb747bf79da9ae0a7903abea4"},"headline":"Comunicado Informaci\u00f3n Inicio Temporada 2026\/2027 CD. Salesianos Trinidad (Sevilla)","datePublished":"2026-09-04T21:17:37+00:00","dateModified":"2026-09-04T21:21:09+00:00","mainEntityOfPage":{"@id":"https:\/\/trinidad.salesianos.edu\/clubdeportivo\/blog\/2026\/09\/04\/comunicado-informacion-inicio-temporada-2026-2027-cd-salesianos-trinidad-sevilla\/"},"wordCount":1211,"commentCount":0,"image":{"@id":"https:\/\/trinidad.salesianos.edu\/clubdeportivo\/blog\/2026\/09\/04\/comunicado-informacion-inicio-temporada-2026-2027-cd-salesianos-trinidad-sevilla\/#primaryimage"},"thumbnailUrl":"https:\/\/trinidad.salesianos.edu\/clubdeportivo\/wp-content\/uploads\/sites\/13\/2026\/09\/Captura-de-pantalla-2026-09-04-a-las-23.13.42.png","articleSection":["Uncategorized"],"inLanguage":"es","potentialAction":[{"@type":"CommentAction","name":"Comment","target":["https:\/\/trinidad.salesianos.edu\/clubdeportivo\/blog\/2026\/09\/04\/comunicado-informacion-inicio-temporada-2026-2027-cd-salesianos-trinidad-sevilla\/#respond"]}]},{"@type":"WebPage","@id":"https:\/\/trinidad.salesianos.edu\/clubdeportivo\/blog\/2026\/09\/04\/comunicado-informacion-inicio-temporada-2026-2027-cd-salesianos-trinidad-sevilla\/","url":"https:\/\/trinidad.salesianos.edu\/clubdeportivo\/blog\/2026\/09\/04\/comunicado-informacion-inicio-temporada-2026-2027-cd-salesianos-trinidad-sevilla\/","name":"Comunicado Informaci\u00f3n Inicio Temporada 2026\/2027 CD. Salesianos Trinidad (Sevilla) - Club Deportivo Salesianos Trinidad","isPartOf":{"@id":"https:\/\/trinidad.salesianos.edu\/clubdeportivo\/#website"},"primaryImageOfPage":{"@id":"https:\/\/trinidad.salesianos.edu\/clubdeportivo\/blog\/2026\/09\/04\/comunicado-informacion-inicio-temporada-2026-2027-cd-salesianos-trinidad-sevilla\/#primaryimage"},"image":{"@id":"https:\/\/trinidad.salesianos.edu\/clubdeportivo\/blog\/2026\/09\/04\/comunicado-informacion-inicio-temporada-2026-2027-cd-salesianos-trinidad-sevilla\/#primaryimage"},"thumbnailUrl":"https:\/\/trinidad.salesianos.edu\/clubdeportivo\/wp-content\/uploads\/sites\/13\/2026\/09\/Captura-de-pantalla-2026-09-04-a-las-23.13.42.png","datePublished":"2026-09-04T21:17:37+00:00","dateModified":"2026-09-04T21:21:09+00:00","author":{"@id":"https:\/\/trinidad.salesianos.edu\/clubdeportivo\/#\/schema\/person\/7b0443ffb747bf79da9ae0a7903abea4"},"breadcrumb":{"@id":"https:\/\/trinidad.salesianos.edu\/clubdeportivo\/blog\/2026\/09\/04\/comunicado-informacion-inicio-temporada-2026-2027-cd-salesianos-trinidad-sevilla\/#breadcrumb"},"inLanguage":"es","potentialAction":[{"@type":"ReadAction","target":["https:\/\/trinidad.salesianos.edu\/clubdeportivo\/blog\/2026\/09\/04\/comunicado-informacion-inicio-temporada-2026-2027-cd-salesianos-trinidad-sevilla\/"]}]},{"@type":"ImageObject","inLanguage":"es","@id":"https:\/\/trinidad.salesianos.edu\/clubdeportivo\/blog\/2026\/09\/04\/comunicado-informacion-inicio-temporada-2026-2027-cd-salesianos-trinidad-sevilla\/#primaryimage","url":"https:\/\/trinidad.salesianos.edu\/clubdeportivo\/wp-content\/uploads\/sites\/13\/2026\/09\/Captura-de-pantalla-2026-09-04-a-las-23.13.42.png","contentUrl":"https:\/\/trinidad.salesianos.edu\/clubdeportivo\/wp-content\/uploads\/sites\/13\/2026\/09\/Captura-de-pantalla-2026-09-04-a-las-23.13.42.png","width":1760,"height":1102},{"@type":"BreadcrumbList","@id":"https:\/\/trinidad.salesianos.edu\/clubdeportivo\/blog\/2026\/09\/04\/comunicado-informacion-inicio-temporada-2026-2027-cd-salesianos-trinidad-sevilla\/#breadcrumb","itemListElement":[{"@type":"ListItem","position":1,"name":"Portada","item":"https:\/\/trinidad.salesianos.edu\/clubdeportivo\/"},{"@type":"ListItem","position":2,"name":"Comunicado Informaci\u00f3n Inicio Temporada 2026\/2027 CD. Salesianos Trinidad (Sevilla)"}]},{"@type":"WebSite","@id":"https:\/\/trinidad.salesianos.edu\/clubdeportivo\/#website","url":"https:\/\/trinidad.salesianos.edu\/clubdeportivo\/","name":"Club Deportivo Salesianos Trinidad","description":"P\u00e1gina oficial del Club Deportivo Salesianos Trinidad","potentialAction":[{"@type":"SearchAction","target":{"@type":"EntryPoint","urlTemplate":"https:\/\/trinidad.salesianos.edu\/clubdeportivo\/?s={search_term_string}"},"query-input":{"@type":"PropertyValueSpecification","valueRequired":true,"valueName":"search_term_string"}}],"inLanguage":"es"},{"@type":"Person","@id":"https:\/\/trinidad.salesianos.edu\/clubdeportivo\/#\/schema\/person\/7b0443ffb747bf79da9ae0a7903abea4","name":"clubdeportivo","image":{"@type":"ImageObject","inLanguage":"es","@id":"https:\/\/secure.gravatar.com\/avatar\/17df2a192c96457e134ea2be25701a03eca5d51b701d3b3464d2049431c2ed22?s=96&d=mm&r=g","url":"https:\/\/secure.gravatar.com\/avatar\/17df2a192c96457e134ea2be25701a03eca5d51b701d3b3464d2049431c2ed22?s=96&d=mm&r=g","contentUrl":"https:\/\/secure.gravatar.com\/avatar\/17df2a192c96457e134ea2be25701a03eca5d51b701d3b3464d2049431c2ed22?s=96&d=mm&r=g","caption":"clubdeportivo"}}]}},"views":3,"_links":{"self":[{"href":"https:\/\/trinidad.salesianos.edu\/clubdeportivo\/wp-json\/wp\/v2\/posts\/10405","targetHints":{"allow":["GET"]}}],"collection":[{"href":"https:\/\/trinidad.salesianos.edu\/clubdeportivo\/wp-json\/wp\/v2\/posts"}],"about":[{"href":"https:\/\/trinidad.salesianos.edu\/clubdeportivo\/wp-json\/wp\/v2\/types\/post"}],"author":[{"embeddable":true,"href":"https:\/\/trinidad.salesianos.edu\/clubdeportivo\/wp-json\/wp\/v2\/users\/11"}],"replies":[{"embeddable":true,"href":"https:\/\/trinidad.salesianos.edu\/clubdeportivo\/wp-json\/wp\/v2\/comments?post=10405"}],"version-history":[{"count":4,"href":"https:\/\/trinidad.salesianos.edu\/clubdeportivo\/wp-json\/wp\/v2\/posts\/10405\/revisions"}],"predecessor-version":[{"id":10410,"href":"https:\/\/trinidad.salesianos.edu\/clubdeportivo\/wp-json\/wp\/v2\/posts\/10405\/revisions\/10410"}],"wp:featuredmedia":[{"embeddable":true,"href":"https:\/\/trinidad.salesianos.edu\/clubdeportivo\/wp-json\/wp\/v2\/media\/10408"}],"wp:attachment":[{"href":"https:\/\/trinidad.salesianos.edu\/clubdeportivo\/wp-json\/wp\/v2\/media?parent=10405"}],"wp:term":[{"taxonomy":"category","embeddable":true,"href":"https:\/\/trinidad.salesianos.edu\/clubdeportivo\/wp-json\/wp\/v2\/categories?post=10405"},{"taxonomy":"post_tag","embeddable":true,"href":"https:\/\/trinidad.salesianos.edu\/clubdeportivo\/wp-json\/wp\/v2\/tags?post=10405"}],"curies":[{"name":"wp","href":"https:\/\/api.w.org\/{rel}","templated":true}]}}