
{"id":10822,"date":"2024-03-03T11:25:08","date_gmt":"2024-03-03T10:25:08","guid":{"rendered":"https:\/\/trinidad.salesianos.edu\/centrojuvenil\/blog\/2024\/03\/03\/fiesta-de-la-comunidad-educativa-gran-celebracion-de-la-casa-salesiana-de-la-trinidad-un-dia-de-union-y-solidaridad\/"},"modified":"2024-11-07T12:12:21","modified_gmt":"2024-11-07T11:12:21","slug":"fiesta-de-la-comunidad-educativa-gran-celebracion-de-la-casa-salesiana-de-la-trinidad-un-dia-de-union-y-solidaridad","status":"publish","type":"post","link":"https:\/\/trinidad.salesianos.edu\/centrojuvenil\/blog\/2024\/03\/03\/fiesta-de-la-comunidad-educativa-gran-celebracion-de-la-casa-salesiana-de-la-trinidad-un-dia-de-union-y-solidaridad\/","title":{"rendered":"FIESTA DE LA COMUNIDAD EDUCATIVA. Gran celebraci\u00f3n de la Casa Salesiana de la Trinidad: Un d\u00eda de uni\u00f3n y solidaridad"},"content":{"rendered":"<p>[et_pb_section fb_built=\u00bb1&#8243; admin_label=\u00bbsection\u00bb _builder_version=\u00bb4.16&#8243; global_colors_info=\u00bb{}\u00bb][et_pb_row admin_label=\u00bbrow\u00bb _builder_version=\u00bb4.16&#8243; background_size=\u00bbinitial\u00bb background_position=\u00bbtop_left\u00bb background_repeat=\u00bbrepeat\u00bb global_colors_info=\u00bb{}\u00bb][et_pb_column type=\u00bb4_4&#8243; _builder_version=\u00bb4.16&#8243; custom_padding=\u00bb|||\u00bb global_colors_info=\u00bb{}\u00bb custom_padding__hover=\u00bb|||\u00bb][et_pb_text _builder_version=\u00bb4.24.2&#8243; _module_preset=\u00bbdefault\u00bb global_colors_info=\u00bb{}\u00bb]<\/p>\n<p><span style=\"font-weight: 400;\">En una jornada repleta de actividades y momentos memorables, nuestra casa salesiana de la Trinidad vivi\u00f3 un d\u00eda excepcional de convivencia y solidaridad. Recuperamos, por fin, una bonita tradici\u00f3n en nuestra Casa: la celebraci\u00f3n de la Fiesta de la Comunidad Educativa de la Trinidad, espacio privilegiado donde encontrarnos para conocernos mejor y disfrutar juntos de lo que somos y lo que hacemos.<\/span><\/p>\n<p><span style=\"font-weight: 400;\">Todo comenz\u00f3 alrededor de las 10:30 con el desayuno, momento preparado con much\u00edsimo cari\u00f1o por la Asociaci\u00f3n de Mam\u00e1 Margarita. A continuaci\u00f3n, en el Teatro Mar\u00eda Auxiliadora, los diversos grupos\u00a0 de la Casa se unieron para organizar una mesa redonda en la que los representantes de los distintos grupos nos informaron de su labor: <a href=\"https:\/\/trinidad.salesianos.edu\/colegio\/\" target=\"_blank\" rel=\"noopener\">Colegio<\/a>, <a href=\"https:\/\/trinidad.salesianos.edu\/ampa\/\" target=\"_blank\" rel=\"noopener\">Ampa<\/a>, <a href=\"https:\/\/aaaadb-trinidad.blogspot.com\/\" target=\"_blank\" rel=\"noopener\">Antiguos Alumnos,<\/a> <a href=\"https:\/\/auxiliadoracoronada.es\/\">ADMA (Archicofrad\u00eda de Mar\u00eda Auxiliadora)<\/a>, <a href=\"https:\/\/www.facebook.com\/bloguero.sscctrinidad\">SSCC (Salesianos Cooperadores)<\/a>, <a href=\"https:\/\/trinidad.salesianos.edu\/hogares-don-bosco\/\" target=\"_blank\" rel=\"noopener\">Hogares Don Bosco<\/a>, Mam\u00e1 Margarita, <a href=\"https:\/\/trinidad.salesianos.edu\/centrojuvenil\/\" target=\"_blank\" rel=\"noopener\">Centro Juvenil<\/a> y la <a href=\"https:\/\/hermandaddelatrinidad.es\/\">Hermandad de la Trinidad<\/a>.<\/span><\/p>\n<p><span style=\"font-weight: 400;\">Durante la mesa redonda, cada grupo comparti\u00f3 sus experiencias y objetivos, involucrando a todos los presentes y creando un ambiente de participaci\u00f3n y conocimiento mutuo a partir de un divertido cuestionario. Los asistentes tuvieron la oportunidad de conocer de cerca el trabajo y la dedicaci\u00f3n de cada grupo, fortaleciendo as\u00ed los lazos dentro de la obra salesiana.<\/span><\/p>\n<p><span style=\"font-weight: 400;\">Posteriormente, la emoci\u00f3n y la diversi\u00f3n entraron en juego con la Gran Gymkana. Los participantes fueron distribuidos en grupos al azar formando hasta 33 grupos, fomentando la interacci\u00f3n entre personas de diferentes \u00e1mbitos y edades. Con hasta 16 pruebas, la Gymkana ofreci\u00f3 desaf\u00edos de destreza, punter\u00eda y equilibrio, muchos de los cuales estaban vinculados a la historia y el ambiente salesiano. Desde recrear la coreograf\u00eda del baile de San Juan Bosco hasta responder a cuestionarios sobre la Casa, el evento combin\u00f3 diversi\u00f3n y aprendizaje. En ese momento pudimos contar tambi\u00e9n con la colaboraci\u00f3n de la <a href=\"https:\/\/boscoglobal.org\/\" target=\"_blank\" rel=\"noopener\">ONGD Bosco Global<\/a> que particip\u00f3 con una mesa de juegos educativos que fomentan la solidaridad entre los m\u00e1s peque\u00f1os.\u00a0<\/span><\/p>\n<p>[\/et_pb_text][\/et_pb_column][\/et_pb_row][et_pb_row column_structure=\u00bb1_3,1_3,1_3&#8243; _builder_version=\u00bb4.24.2&#8243; _module_preset=\u00bbdefault\u00bb global_colors_info=\u00bb{}\u00bb][et_pb_column type=\u00bb1_3&#8243; _builder_version=\u00bb4.24.2&#8243; _module_preset=\u00bbdefault\u00bb global_colors_info=\u00bb{}\u00bb][et_pb_image src=\u00bbhttps:\/\/trinidad.salesianos.edu\/wp-content\/uploads\/2024\/03\/IMG_5559-scaled.jpg\u00bb show_in_lightbox=\u00bbon\u00bb _builder_version=\u00bb4.24.2&#8243; _module_preset=\u00bbdefault\u00bb global_colors_info=\u00bb{}\u00bb][\/et_pb_image][\/et_pb_column][et_pb_column type=\u00bb1_3&#8243; _builder_version=\u00bb4.24.2&#8243; _module_preset=\u00bbdefault\u00bb global_colors_info=\u00bb{}\u00bb][et_pb_image src=\u00bbhttps:\/\/trinidad.salesianos.edu\/wp-content\/uploads\/2024\/03\/IMG_5533-scaled.jpg\u00bb show_in_lightbox=\u00bbon\u00bb _builder_version=\u00bb4.24.2&#8243; _module_preset=\u00bbdefault\u00bb global_colors_info=\u00bb{}\u00bb][\/et_pb_image][\/et_pb_column][et_pb_column type=\u00bb1_3&#8243; _builder_version=\u00bb4.24.2&#8243; _module_preset=\u00bbdefault\u00bb global_colors_info=\u00bb{}\u00bb][et_pb_image src=\u00bbhttps:\/\/trinidad.salesianos.edu\/wp-content\/uploads\/2024\/03\/IMG_5589-scaled.jpg\u00bb title_text=\u00bbIMG_5589&#8243; show_in_lightbox=\u00bbon\u00bb _builder_version=\u00bb4.24.2&#8243; _module_preset=\u00bbdefault\u00bb global_colors_info=\u00bb{}\u00bb][\/et_pb_image][\/et_pb_column][\/et_pb_row][et_pb_row admin_label=\u00bbrow\u00bb _builder_version=\u00bb4.16&#8243; background_size=\u00bbinitial\u00bb background_position=\u00bbtop_left\u00bb background_repeat=\u00bbrepeat\u00bb global_colors_info=\u00bb{}\u00bb][et_pb_column type=\u00bb4_4&#8243; _builder_version=\u00bb4.16&#8243; custom_padding=\u00bb|||\u00bb global_colors_info=\u00bb{}\u00bb custom_padding__hover=\u00bb|||\u00bb][et_pb_text _builder_version=\u00bb4.24.2&#8243; _module_preset=\u00bbdefault\u00bb global_colors_info=\u00bb{}\u00bb]<\/p>\n<p><span style=\"font-weight: 400;\">A las 13:00, en la capilla del colegio nos congregamos todos los asistentes en una emotiva Eucarist\u00eda, donde pudimos vivir un momento de recogimiento para compartir nuestra fe y dar gracias por la oportunidad de continuar la obra de Don Bosco.<\/span><\/p>\n<p><span style=\"font-weight: 400;\">A continuaci\u00f3n, nos reunimos en torno a la mesa compartiendo un almuerzo solidario con arroz y garbanzos elaborados por Pepe (Antiguos Alumnos) y Ani, cocinera en la comunidad salesiana. Los j\u00f3venes del Centro Juvenil y la junta de AMPA se encargaron de amenizar la sobremesa organizando un divertido bingo. Lo recaudado se destinar\u00e1, por una parte al<a href=\"https:\/\/trinidad.salesianos.edu\/apres\/\" target=\"_blank\" rel=\"noopener\"> Proyecto APR\u00c9S<\/a> (proyecto de nuestra casa para la promoci\u00f3n y educaci\u00f3n de los j\u00f3venes) y, por otra, a financiar parte del costo del <a href=\"https:\/\/pastoraljuvenil.es\/campobosco\/\" target=\"_blank\" rel=\"noopener\">Campobosco<\/a>, un gesto generoso que refleja los valores fundamentales de nuestra comunidad.<\/span><\/p>\n<p>[\/et_pb_text][\/et_pb_column][\/et_pb_row][et_pb_row column_structure=\u00bb1_2,1_2&#8243; _builder_version=\u00bb4.24.2&#8243; _module_preset=\u00bbdefault\u00bb global_colors_info=\u00bb{}\u00bb][et_pb_column type=\u00bb1_2&#8243; _builder_version=\u00bb4.24.2&#8243; _module_preset=\u00bbdefault\u00bb global_colors_info=\u00bb{}\u00bb][et_pb_image src=\u00bbhttps:\/\/trinidad.salesianos.edu\/wp-content\/uploads\/2024\/03\/IMG_5609-scaled.jpg\u00bb show_in_lightbox=\u00bbon\u00bb _builder_version=\u00bb4.24.2&#8243; _module_preset=\u00bbdefault\u00bb width=\u00bb82%\u00bb module_alignment=\u00bbcenter\u00bb global_colors_info=\u00bb{}\u00bb][\/et_pb_image][\/et_pb_column][et_pb_column type=\u00bb1_2&#8243; _builder_version=\u00bb4.24.2&#8243; _module_preset=\u00bbdefault\u00bb global_colors_info=\u00bb{}\u00bb][et_pb_image src=\u00bbhttps:\/\/trinidad.salesianos.edu\/wp-content\/uploads\/2024\/03\/IMG_5671-scaled.jpg\u00bb title_text=\u00bbIMG_5671&#8243; show_in_lightbox=\u00bbon\u00bb _builder_version=\u00bb4.24.2&#8243; _module_preset=\u00bbdefault\u00bb width=\u00bb82%\u00bb module_alignment=\u00bbcenter\u00bb global_colors_info=\u00bb{}\u00bb][\/et_pb_image][\/et_pb_column][\/et_pb_row][et_pb_row admin_label=\u00bbrow\u00bb _builder_version=\u00bb4.16&#8243; background_size=\u00bbinitial\u00bb background_position=\u00bbtop_left\u00bb background_repeat=\u00bbrepeat\u00bb global_colors_info=\u00bb{}\u00bb][et_pb_column type=\u00bb4_4&#8243; _builder_version=\u00bb4.16&#8243; custom_padding=\u00bb|||\u00bb global_colors_info=\u00bb{}\u00bb custom_padding__hover=\u00bb|||\u00bb][et_pb_text _builder_version=\u00bb4.24.2&#8243; _module_preset=\u00bbdefault\u00bb global_colors_info=\u00bb{}\u00bb]<\/p>\n<p><span style=\"font-weight: 400;\">En resumen, fue un bonito d\u00eda en el que todos los que formamos parte de la obra de la Trinidad nos unimos para disfrutar, conocernos, aprender y contribuir solidariamente a proyectos de nuestra Casa. Un testimonio vivo de que los valores que inspiran la labor de Don Bosco siguen vivos entre nosotros.<\/span><\/p>\n<p>[\/et_pb_text][\/et_pb_column][\/et_pb_row][et_pb_row _builder_version=\u00bb4.24.2&#8243; _module_preset=\u00bbdefault\u00bb global_colors_info=\u00bb{}\u00bb][et_pb_column type=\u00bb4_4&#8243; _builder_version=\u00bb4.24.2&#8243; _module_preset=\u00bbdefault\u00bb global_colors_info=\u00bb{}\u00bb][et_pb_blurb title=\u00bbAccede a la galer\u00eda completa \u00bb use_icon=\u00bbon\u00bb font_icon=\u00bb\uf302||fa||400&#8243; image_icon_width=\u00bb71px\u00bb _builder_version=\u00bb4.24.2&#8243; _module_preset=\u00bbdefault\u00bb header_text_align=\u00bbcenter\u00bb global_colors_info=\u00bb{}\u00bb][\/et_pb_blurb][\/et_pb_column][\/et_pb_row][\/et_pb_section]<\/p>\n","protected":false},"excerpt":{"rendered":"<p>En una jornada repleta de actividades y momentos memorables, nuestra casa salesiana de la Trinidad vivi\u00f3 un d\u00eda excepcional de convivencia y solidaridad. Recuperamos, por fin, una bonita tradici\u00f3n en nuestra Casa: la celebraci\u00f3n de la Fiesta de la Comunidad Educativa de la Trinidad, espacio privilegiado donde encontrarnos para conocernos mejor y disfrutar juntos de [&hellip;]<\/p>\n","protected":false},"author":3,"featured_media":0,"comment_status":"closed","ping_status":"closed","sticky":false,"template":"","format":"standard","meta":{"_et_pb_use_builder":"on","_et_pb_old_content":"","_et_gb_content_width":"","footnotes":""},"categories":[11,42],"tags":[],"class_list":["post-10822","post","type-post","status-publish","format-standard","hentry","category-centro-juvenil-adelante","category-general"],"yoast_head":"<!-- This site is optimized with the Yoast SEO plugin v28.3 - https:\/\/yoast.com\/product\/yoast-seo-wordpress\/ -->\n<title>FIESTA DE LA COMUNIDAD EDUCATIVA. Gran celebraci\u00f3n de la Casa Salesiana de la Trinidad: Un d\u00eda de uni\u00f3n y solidaridad - Centro Juvenil Adelante<\/title>\n<meta name=\"robots\" content=\"index, follow, max-snippet:-1, max-image-preview:large, max-video-preview:-1\" \/>\n<link rel=\"canonical\" href=\"https:\/\/trinidad.salesianos.edu\/centrojuvenil\/blog\/2024\/03\/03\/fiesta-de-la-comunidad-educativa-gran-celebracion-de-la-casa-salesiana-de-la-trinidad-un-dia-de-union-y-solidaridad\/\" \/>\n<meta property=\"og:locale\" content=\"es_ES\" \/>\n<meta property=\"og:type\" content=\"article\" \/>\n<meta property=\"og:title\" content=\"FIESTA DE LA COMUNIDAD EDUCATIVA. Gran celebraci\u00f3n de la Casa Salesiana de la Trinidad: Un d\u00eda de uni\u00f3n y solidaridad - Centro Juvenil Adelante\" \/>\n<meta property=\"og:description\" content=\"En una jornada repleta de actividades y momentos memorables, nuestra casa salesiana de la Trinidad vivi\u00f3 un d\u00eda excepcional de convivencia y solidaridad. Recuperamos, por fin, una bonita tradici\u00f3n en nuestra Casa: la celebraci\u00f3n de la Fiesta de la Comunidad Educativa de la Trinidad, espacio privilegiado donde encontrarnos para conocernos mejor y disfrutar juntos de [&hellip;]\" \/>\n<meta property=\"og:url\" content=\"https:\/\/trinidad.salesianos.edu\/centrojuvenil\/blog\/2024\/03\/03\/fiesta-de-la-comunidad-educativa-gran-celebracion-de-la-casa-salesiana-de-la-trinidad-un-dia-de-union-y-solidaridad\/\" \/>\n<meta property=\"og:site_name\" content=\"Centro Juvenil Adelante\" \/>\n<meta property=\"article:published_time\" content=\"2024-03-03T10:25:08+00:00\" \/>\n<meta property=\"article:modified_time\" content=\"2024-11-07T11:12:21+00:00\" \/>\n<meta name=\"author\" content=\"Administrador Web\" \/>\n<meta name=\"twitter:card\" content=\"summary_large_image\" \/>\n<meta name=\"twitter:label1\" content=\"Escrito por\" \/>\n\t<meta name=\"twitter:data1\" content=\"Administrador Web\" \/>\n\t<meta name=\"twitter:label2\" content=\"Tiempo de lectura\" \/>\n\t<meta name=\"twitter:data2\" content=\"4 minutos\" \/>\n<script type=\"application\/ld+json\" class=\"yoast-schema-graph\">{\"@context\":\"https:\\\/\\\/schema.org\",\"@graph\":[{\"@type\":\"Article\",\"@id\":\"https:\\\/\\\/trinidad.salesianos.edu\\\/centrojuvenil\\\/blog\\\/2024\\\/03\\\/03\\\/fiesta-de-la-comunidad-educativa-gran-celebracion-de-la-casa-salesiana-de-la-trinidad-un-dia-de-union-y-solidaridad\\\/#article\",\"isPartOf\":{\"@id\":\"https:\\\/\\\/trinidad.salesianos.edu\\\/centrojuvenil\\\/blog\\\/2024\\\/03\\\/03\\\/fiesta-de-la-comunidad-educativa-gran-celebracion-de-la-casa-salesiana-de-la-trinidad-un-dia-de-union-y-solidaridad\\\/\"},\"author\":{\"name\":\"Administrador Web\",\"@id\":\"https:\\\/\\\/trinidad.salesianos.edu\\\/centrojuvenil\\\/#\\\/schema\\\/person\\\/2004525a9ab42038c402f55157ca237b\"},\"headline\":\"FIESTA DE LA COMUNIDAD EDUCATIVA. Gran celebraci\u00f3n de la Casa Salesiana de la Trinidad: Un d\u00eda de uni\u00f3n y solidaridad\",\"datePublished\":\"2024-03-03T10:25:08+00:00\",\"dateModified\":\"2024-11-07T11:12:21+00:00\",\"mainEntityOfPage\":{\"@id\":\"https:\\\/\\\/trinidad.salesianos.edu\\\/centrojuvenil\\\/blog\\\/2024\\\/03\\\/03\\\/fiesta-de-la-comunidad-educativa-gran-celebracion-de-la-casa-salesiana-de-la-trinidad-un-dia-de-union-y-solidaridad\\\/\"},\"wordCount\":1053,\"articleSection\":[\"Centro Juvenil Adelante\",\"General\"],\"inLanguage\":\"es\"},{\"@type\":\"WebPage\",\"@id\":\"https:\\\/\\\/trinidad.salesianos.edu\\\/centrojuvenil\\\/blog\\\/2024\\\/03\\\/03\\\/fiesta-de-la-comunidad-educativa-gran-celebracion-de-la-casa-salesiana-de-la-trinidad-un-dia-de-union-y-solidaridad\\\/\",\"url\":\"https:\\\/\\\/trinidad.salesianos.edu\\\/centrojuvenil\\\/blog\\\/2024\\\/03\\\/03\\\/fiesta-de-la-comunidad-educativa-gran-celebracion-de-la-casa-salesiana-de-la-trinidad-un-dia-de-union-y-solidaridad\\\/\",\"name\":\"FIESTA DE LA COMUNIDAD EDUCATIVA. Gran celebraci\u00f3n de la Casa Salesiana de la Trinidad: Un d\u00eda de uni\u00f3n y solidaridad - Centro Juvenil Adelante\",\"isPartOf\":{\"@id\":\"https:\\\/\\\/trinidad.salesianos.edu\\\/centrojuvenil\\\/#website\"},\"datePublished\":\"2024-03-03T10:25:08+00:00\",\"dateModified\":\"2024-11-07T11:12:21+00:00\",\"author\":{\"@id\":\"https:\\\/\\\/trinidad.salesianos.edu\\\/centrojuvenil\\\/#\\\/schema\\\/person\\\/2004525a9ab42038c402f55157ca237b\"},\"breadcrumb\":{\"@id\":\"https:\\\/\\\/trinidad.salesianos.edu\\\/centrojuvenil\\\/blog\\\/2024\\\/03\\\/03\\\/fiesta-de-la-comunidad-educativa-gran-celebracion-de-la-casa-salesiana-de-la-trinidad-un-dia-de-union-y-solidaridad\\\/#breadcrumb\"},\"inLanguage\":\"es\",\"potentialAction\":[{\"@type\":\"ReadAction\",\"target\":[\"https:\\\/\\\/trinidad.salesianos.edu\\\/centrojuvenil\\\/blog\\\/2024\\\/03\\\/03\\\/fiesta-de-la-comunidad-educativa-gran-celebracion-de-la-casa-salesiana-de-la-trinidad-un-dia-de-union-y-solidaridad\\\/\"]}]},{\"@type\":\"BreadcrumbList\",\"@id\":\"https:\\\/\\\/trinidad.salesianos.edu\\\/centrojuvenil\\\/blog\\\/2024\\\/03\\\/03\\\/fiesta-de-la-comunidad-educativa-gran-celebracion-de-la-casa-salesiana-de-la-trinidad-un-dia-de-union-y-solidaridad\\\/#breadcrumb\",\"itemListElement\":[{\"@type\":\"ListItem\",\"position\":1,\"name\":\"Portada\",\"item\":\"https:\\\/\\\/trinidad.salesianos.edu\\\/centrojuvenil\\\/\"},{\"@type\":\"ListItem\",\"position\":2,\"name\":\"FIESTA DE LA COMUNIDAD EDUCATIVA. Gran celebraci\u00f3n de la Casa Salesiana de la Trinidad: Un d\u00eda de uni\u00f3n y solidaridad\"}]},{\"@type\":\"WebSite\",\"@id\":\"https:\\\/\\\/trinidad.salesianos.edu\\\/centrojuvenil\\\/#website\",\"url\":\"https:\\\/\\\/trinidad.salesianos.edu\\\/centrojuvenil\\\/\",\"name\":\"Centro Juvenil Adelante\",\"description\":\"P\u00e1gina oficial Salesianos Trinidad\",\"potentialAction\":[{\"@type\":\"SearchAction\",\"target\":{\"@type\":\"EntryPoint\",\"urlTemplate\":\"https:\\\/\\\/trinidad.salesianos.edu\\\/centrojuvenil\\\/?s={search_term_string}\"},\"query-input\":{\"@type\":\"PropertyValueSpecification\",\"valueRequired\":true,\"valueName\":\"search_term_string\"}}],\"inLanguage\":\"es\"},{\"@type\":\"Person\",\"@id\":\"https:\\\/\\\/trinidad.salesianos.edu\\\/centrojuvenil\\\/#\\\/schema\\\/person\\\/2004525a9ab42038c402f55157ca237b\",\"name\":\"Administrador Web\",\"image\":{\"@type\":\"ImageObject\",\"inLanguage\":\"es\",\"@id\":\"https:\\\/\\\/secure.gravatar.com\\\/avatar\\\/fa79dbb1d375f9852c532691182385b98661fb27f5f03ec8241130ba23266757?s=96&d=mm&r=g\",\"url\":\"https:\\\/\\\/secure.gravatar.com\\\/avatar\\\/fa79dbb1d375f9852c532691182385b98661fb27f5f03ec8241130ba23266757?s=96&d=mm&r=g\",\"contentUrl\":\"https:\\\/\\\/secure.gravatar.com\\\/avatar\\\/fa79dbb1d375f9852c532691182385b98661fb27f5f03ec8241130ba23266757?s=96&d=mm&r=g\",\"caption\":\"Administrador Web\"}}]}<\/script>\n<!-- \/ Yoast SEO plugin. -->","yoast_head_json":{"title":"FIESTA DE LA COMUNIDAD EDUCATIVA. Gran celebraci\u00f3n de la Casa Salesiana de la Trinidad: Un d\u00eda de uni\u00f3n y solidaridad - Centro Juvenil Adelante","robots":{"index":"index","follow":"follow","max-snippet":"max-snippet:-1","max-image-preview":"max-image-preview:large","max-video-preview":"max-video-preview:-1"},"canonical":"https:\/\/trinidad.salesianos.edu\/centrojuvenil\/blog\/2024\/03\/03\/fiesta-de-la-comunidad-educativa-gran-celebracion-de-la-casa-salesiana-de-la-trinidad-un-dia-de-union-y-solidaridad\/","og_locale":"es_ES","og_type":"article","og_title":"FIESTA DE LA COMUNIDAD EDUCATIVA. Gran celebraci\u00f3n de la Casa Salesiana de la Trinidad: Un d\u00eda de uni\u00f3n y solidaridad - Centro Juvenil Adelante","og_description":"En una jornada repleta de actividades y momentos memorables, nuestra casa salesiana de la Trinidad vivi\u00f3 un d\u00eda excepcional de convivencia y solidaridad. Recuperamos, por fin, una bonita tradici\u00f3n en nuestra Casa: la celebraci\u00f3n de la Fiesta de la Comunidad Educativa de la Trinidad, espacio privilegiado donde encontrarnos para conocernos mejor y disfrutar juntos de [&hellip;]","og_url":"https:\/\/trinidad.salesianos.edu\/centrojuvenil\/blog\/2024\/03\/03\/fiesta-de-la-comunidad-educativa-gran-celebracion-de-la-casa-salesiana-de-la-trinidad-un-dia-de-union-y-solidaridad\/","og_site_name":"Centro Juvenil Adelante","article_published_time":"2024-03-03T10:25:08+00:00","article_modified_time":"2024-11-07T11:12:21+00:00","author":"Administrador Web","twitter_card":"summary_large_image","twitter_misc":{"Escrito por":"Administrador Web","Tiempo de lectura":"4 minutos"},"schema":{"@context":"https:\/\/schema.org","@graph":[{"@type":"Article","@id":"https:\/\/trinidad.salesianos.edu\/centrojuvenil\/blog\/2024\/03\/03\/fiesta-de-la-comunidad-educativa-gran-celebracion-de-la-casa-salesiana-de-la-trinidad-un-dia-de-union-y-solidaridad\/#article","isPartOf":{"@id":"https:\/\/trinidad.salesianos.edu\/centrojuvenil\/blog\/2024\/03\/03\/fiesta-de-la-comunidad-educativa-gran-celebracion-de-la-casa-salesiana-de-la-trinidad-un-dia-de-union-y-solidaridad\/"},"author":{"name":"Administrador Web","@id":"https:\/\/trinidad.salesianos.edu\/centrojuvenil\/#\/schema\/person\/2004525a9ab42038c402f55157ca237b"},"headline":"FIESTA DE LA COMUNIDAD EDUCATIVA. Gran celebraci\u00f3n de la Casa Salesiana de la Trinidad: Un d\u00eda de uni\u00f3n y solidaridad","datePublished":"2024-03-03T10:25:08+00:00","dateModified":"2024-11-07T11:12:21+00:00","mainEntityOfPage":{"@id":"https:\/\/trinidad.salesianos.edu\/centrojuvenil\/blog\/2024\/03\/03\/fiesta-de-la-comunidad-educativa-gran-celebracion-de-la-casa-salesiana-de-la-trinidad-un-dia-de-union-y-solidaridad\/"},"wordCount":1053,"articleSection":["Centro Juvenil Adelante","General"],"inLanguage":"es"},{"@type":"WebPage","@id":"https:\/\/trinidad.salesianos.edu\/centrojuvenil\/blog\/2024\/03\/03\/fiesta-de-la-comunidad-educativa-gran-celebracion-de-la-casa-salesiana-de-la-trinidad-un-dia-de-union-y-solidaridad\/","url":"https:\/\/trinidad.salesianos.edu\/centrojuvenil\/blog\/2024\/03\/03\/fiesta-de-la-comunidad-educativa-gran-celebracion-de-la-casa-salesiana-de-la-trinidad-un-dia-de-union-y-solidaridad\/","name":"FIESTA DE LA COMUNIDAD EDUCATIVA. Gran celebraci\u00f3n de la Casa Salesiana de la Trinidad: Un d\u00eda de uni\u00f3n y solidaridad - Centro Juvenil Adelante","isPartOf":{"@id":"https:\/\/trinidad.salesianos.edu\/centrojuvenil\/#website"},"datePublished":"2024-03-03T10:25:08+00:00","dateModified":"2024-11-07T11:12:21+00:00","author":{"@id":"https:\/\/trinidad.salesianos.edu\/centrojuvenil\/#\/schema\/person\/2004525a9ab42038c402f55157ca237b"},"breadcrumb":{"@id":"https:\/\/trinidad.salesianos.edu\/centrojuvenil\/blog\/2024\/03\/03\/fiesta-de-la-comunidad-educativa-gran-celebracion-de-la-casa-salesiana-de-la-trinidad-un-dia-de-union-y-solidaridad\/#breadcrumb"},"inLanguage":"es","potentialAction":[{"@type":"ReadAction","target":["https:\/\/trinidad.salesianos.edu\/centrojuvenil\/blog\/2024\/03\/03\/fiesta-de-la-comunidad-educativa-gran-celebracion-de-la-casa-salesiana-de-la-trinidad-un-dia-de-union-y-solidaridad\/"]}]},{"@type":"BreadcrumbList","@id":"https:\/\/trinidad.salesianos.edu\/centrojuvenil\/blog\/2024\/03\/03\/fiesta-de-la-comunidad-educativa-gran-celebracion-de-la-casa-salesiana-de-la-trinidad-un-dia-de-union-y-solidaridad\/#breadcrumb","itemListElement":[{"@type":"ListItem","position":1,"name":"Portada","item":"https:\/\/trinidad.salesianos.edu\/centrojuvenil\/"},{"@type":"ListItem","position":2,"name":"FIESTA DE LA COMUNIDAD EDUCATIVA. Gran celebraci\u00f3n de la Casa Salesiana de la Trinidad: Un d\u00eda de uni\u00f3n y solidaridad"}]},{"@type":"WebSite","@id":"https:\/\/trinidad.salesianos.edu\/centrojuvenil\/#website","url":"https:\/\/trinidad.salesianos.edu\/centrojuvenil\/","name":"Centro Juvenil Adelante","description":"P\u00e1gina oficial Salesianos Trinidad","potentialAction":[{"@type":"SearchAction","target":{"@type":"EntryPoint","urlTemplate":"https:\/\/trinidad.salesianos.edu\/centrojuvenil\/?s={search_term_string}"},"query-input":{"@type":"PropertyValueSpecification","valueRequired":true,"valueName":"search_term_string"}}],"inLanguage":"es"},{"@type":"Person","@id":"https:\/\/trinidad.salesianos.edu\/centrojuvenil\/#\/schema\/person\/2004525a9ab42038c402f55157ca237b","name":"Administrador Web","image":{"@type":"ImageObject","inLanguage":"es","@id":"https:\/\/secure.gravatar.com\/avatar\/fa79dbb1d375f9852c532691182385b98661fb27f5f03ec8241130ba23266757?s=96&d=mm&r=g","url":"https:\/\/secure.gravatar.com\/avatar\/fa79dbb1d375f9852c532691182385b98661fb27f5f03ec8241130ba23266757?s=96&d=mm&r=g","contentUrl":"https:\/\/secure.gravatar.com\/avatar\/fa79dbb1d375f9852c532691182385b98661fb27f5f03ec8241130ba23266757?s=96&d=mm&r=g","caption":"Administrador Web"}}]}},"views":32,"_links":{"self":[{"href":"https:\/\/trinidad.salesianos.edu\/centrojuvenil\/wp-json\/wp\/v2\/posts\/10822","targetHints":{"allow":["GET"]}}],"collection":[{"href":"https:\/\/trinidad.salesianos.edu\/centrojuvenil\/wp-json\/wp\/v2\/posts"}],"about":[{"href":"https:\/\/trinidad.salesianos.edu\/centrojuvenil\/wp-json\/wp\/v2\/types\/post"}],"author":[{"embeddable":true,"href":"https:\/\/trinidad.salesianos.edu\/centrojuvenil\/wp-json\/wp\/v2\/users\/3"}],"replies":[{"embeddable":true,"href":"https:\/\/trinidad.salesianos.edu\/centrojuvenil\/wp-json\/wp\/v2\/comments?post=10822"}],"version-history":[{"count":1,"href":"https:\/\/trinidad.salesianos.edu\/centrojuvenil\/wp-json\/wp\/v2\/posts\/10822\/revisions"}],"predecessor-version":[{"id":10903,"href":"https:\/\/trinidad.salesianos.edu\/centrojuvenil\/wp-json\/wp\/v2\/posts\/10822\/revisions\/10903"}],"wp:attachment":[{"href":"https:\/\/trinidad.salesianos.edu\/centrojuvenil\/wp-json\/wp\/v2\/media?parent=10822"}],"wp:term":[{"taxonomy":"category","embeddable":true,"href":"https:\/\/trinidad.salesianos.edu\/centrojuvenil\/wp-json\/wp\/v2\/categories?post=10822"},{"taxonomy":"post_tag","embeddable":true,"href":"https:\/\/trinidad.salesianos.edu\/centrojuvenil\/wp-json\/wp\/v2\/tags?post=10822"}],"curies":[{"name":"wp","href":"https:\/\/api.w.org\/{rel}","templated":true}]}}